{"id":1440,"date":"2023-05-09T11:27:00","date_gmt":"2023-05-09T15:27:00","guid":{"rendered":"https:\/\/jornaloalvorada.com.br\/site\/?p=1440"},"modified":"2023-05-09T12:40:43","modified_gmt":"2023-05-09T16:40:43","slug":"lancamento-do-programa-ms-saude-mais-saude-menos-fila","status":"publish","type":"post","link":"https:\/\/jornaloalvorada.com.br\/site\/2023\/05\/09\/lancamento-do-programa-ms-saude-mais-saude-menos-fila\/","title":{"rendered":"Lan\u00e7amento do Programa \u201cMS SA\u00daDE\u201d Mais Sa\u00fade, Menos Fila"},"content":{"rendered":"\n<p>Prefeito de Nova Alvorada do Sul, Jos\u00e9 Paulo Paleari participa do lan\u00e7amento do Programa \u201cMS SA\u00daDE\u201d Mais Sa\u00fade, Menos Fila.<\/p>\n\n\n\n<p>Com um investimento de R$ 45 milh\u00f5es de recursos pr\u00f3prios e R$ 7,9 milh\u00f5es de recursos federais, o Governo do Estado vai levar consultas, exames e cirurgias \u00e0 popula\u00e7\u00e3o dos 79 munic\u00edpios de Mato Grosso do Sul.<\/p>\n\n\n\n<div class=\"wp-block-buttons is-layout-flex wp-block-buttons-is-layout-flex\">\n<div class=\"wp-block-button is-style-fill\"><a class=\"wp-block-button__link has-vivid-red-background-color has-background wp-element-button\" href=\"https:\/\/www.facebook.com\/photo\/?fbid=675587034579051&amp;set=pcb.675588134578941\" target=\"_blank\" rel=\"noreferrer noopener\">VEJA MAIS FOTOS, CLIQUE AQUI !<\/a><\/div>\n<\/div>\n","protected":false},"excerpt":{"rendered":"<p>Prefeito de Nova Alvorada do Sul, Jos\u00e9 Paulo Paleari participa do lan\u00e7amento do Programa \u201cMS SA\u00daDE\u201d Mais Sa\u00fade, Menos Fila.<\/p>\n","protected":false},"author":1,"featured_media":1441,"comment_status":"open","ping_status":"open","sticky":false,"template":"","format":"standard","meta":{"footnotes":""},"categories":[2],"tags":[],"class_list":["post-1440","post","type-post","status-publish","format-standard","has-post-thumbnail","hentry","category-noticias"],"_links":{"self":[{"href":"https:\/\/jornaloalvorada.com.br\/site\/wp-json\/wp\/v2\/posts\/1440","targetHints":{"allow":["GET"]}}],"collection":[{"href":"https:\/\/jornaloalvorada.com.br\/site\/wp-json\/wp\/v2\/posts"}],"about":[{"href":"https:\/\/jornaloalvorada.com.br\/site\/wp-json\/wp\/v2\/types\/post"}],"author":[{"embeddable":true,"href":"https:\/\/jornaloalvorada.com.br\/site\/wp-json\/wp\/v2\/users\/1"}],"replies":[{"embeddable":true,"href":"https:\/\/jornaloalvorada.com.br\/site\/wp-json\/wp\/v2\/comments?post=1440"}],"version-history":[{"count":1,"href":"https:\/\/jornaloalvorada.com.br\/site\/wp-json\/wp\/v2\/posts\/1440\/revisions"}],"predecessor-version":[{"id":1442,"href":"https:\/\/jornaloalvorada.com.br\/site\/wp-json\/wp\/v2\/posts\/1440\/revisions\/1442"}],"wp:featuredmedia":[{"embeddable":true,"href":"https:\/\/jornaloalvorada.com.br\/site\/wp-json\/wp\/v2\/media\/1441"}],"wp:attachment":[{"href":"https:\/\/jornaloalvorada.com.br\/site\/wp-json\/wp\/v2\/media?parent=1440"}],"wp:term":[{"taxonomy":"category","embeddable":true,"href":"https:\/\/jornaloalvorada.com.br\/site\/wp-json\/wp\/v2\/categories?post=1440"},{"taxonomy":"post_tag","embeddable":true,"href":"https:\/\/jornaloalvorada.com.br\/site\/wp-json\/wp\/v2\/tags?post=1440"}],"curies":[{"name":"wp","href":"https:\/\/api.w.org\/{rel}","templated":true}]}}