{"id":1437,"date":"2023-05-08T14:55:00","date_gmt":"2023-05-08T18:55:00","guid":{"rendered":"https:\/\/jornaloalvorada.com.br\/site\/?p=1437"},"modified":"2023-05-09T10:56:25","modified_gmt":"2023-05-09T14:56:25","slug":"filha-de-palmirinha-revela-ultimos-pedidos-da-apresentadora-no-hospital","status":"publish","type":"post","link":"https:\/\/jornaloalvorada.com.br\/site\/2023\/05\/08\/filha-de-palmirinha-revela-ultimos-pedidos-da-apresentadora-no-hospital\/","title":{"rendered":"Filha de Palmirinha revela \u00faltimos pedidos da apresentadora no hospital"},"content":{"rendered":"\n<p>Sandra Bucci, uma das filhas de\u00a0Palmirinha Onofre(1931-2023), deu um depoimento emocionado ao Encontro nesta segunda (8). Ela contou como foram os \u00faltimos momentos de sua m\u00e3e no hospital e revelou pedidos da apresentadora: \u201cPedia todos os dias: \u2018Sandra, n\u00f3s vamos sair hoje do hospital? \u00c9 hoje que a gente vai sair? Fala com o m\u00e9dico, Sandra\u2019.<\/p>\n\n\n\n<p>O rep\u00f3rter Matheus Luz conversou com Sandra durante o vel\u00f3rio de Palmirinha, que acontece na manh\u00e3 desta segunda em S\u00e3o Paulo. Com a voz embargada, a mulher agradeceu ao programa pela homenagem e ressaltou que sua m\u00e3e era f\u00e3 de Patr\u00edcia Poeta. Ela destacou tamb\u00e9m ensinamentos valiosos que recebeu de Palmirinha.<a href=\"https:\/\/noticiasdatv.uol.com.br\/noticia\/novelas\/apos-realizar-sonho-gloria-pires-amarga-decepcao-no-1-capitulo-de-terra-e-paixao-102135\"><\/a><a href=\"https:\/\/noticiasdatv.uol.com.br\/noticia\/series\/rodrigo-santoro-volta-ao-brasil-para-ser-grande-vilao-de-suspense-da-netflix-102060\"><\/a><\/p>\n\n\n\n<p>\u201cTudo que eu passo para os meus filhos e netos ela que me ensinou. Ela que me p\u00f4s na vida, que me fez caminhar com humildade. [Ela falava] \u2018Gente, nunca pisem em ningu\u00e9m. N\u00e3o precisam se humilhar, mas sejam sempre humildes&#8217;\u201d, contou.\u00a0<\/p>\n\n\n\n<p>Em seguida, ela disse que Palmirinha viveu plenamente e queria continuar vivendo. Tanto que perguntava sempre \u00e0s filhas quando poderia ter alta do hospital \u2013onde estava internada desde abril por problemas renais.&nbsp;<\/p>\n\n\n\n<p>\u201cEla n\u00e3o acreditava que um dia pudesse acontecer isso. Ela estava lutando muito. Pedia todos os dias: \u2018Sandra, n\u00f3s vamos sair hoje do hospital? \u00c9 hoje que a gente vai sair? Fala com o m\u00e9dico, Sandra&#8217;\u201d, revelou.&nbsp;<\/p>\n\n\n\n<p>Em seguida, o rep\u00f3rter pediu para Sandra falar sobre o fato de Palmirinha ter escolhido morar sozinha ap\u00f3s os 90 anos. \u201cEu fiquei preocupada porque ela ficou comigo durante sete ou oito anos, morando comigo. Mas ela sempre pediu \u2018quero meu cantinho\u201d, disse.<\/p>\n\n\n\n<p>\u201cA\u00ed com 90 anos eu falei: \u2018Quer saber? Quem sou eu pra dizer n\u00e3o pra ela\u2019. A gente arrumou um apartamento pra ela em frente ao meu pr\u00e9dio, ent\u00e3o todo dia eu ia l\u00e1. Coloquei tamb\u00e9m uma equipe de cuidadores pra ficar 24 horas com ela. Ent\u00e3o eu ficava mais tranquila, mas todos os dias eu estava l\u00e1\u201d, declarou.&nbsp;<\/p>\n\n\n\n<p>O\u00a0<a rel=\"noreferrer noopener\" href=\"https:\/\/noticiasdatv.uol.com.br\/noticia\/celebridades\/palmirinha-onofre-velorio-de-culinarista-e-icone-da-tv-sera-aberto-ao-publico-102113\" target=\"_blank\">vel\u00f3rio de Palmirinha<\/a>\u00a0ficar\u00e1 aberto aos f\u00e3s das 11h \u00e0s 13h, no Cemit\u00e9rio do Morumbi, em S\u00e3o Paulo. O sepultamento ocorrer\u00e1 \u00e0s 17h.<\/p>\n\n\n\n<p><strong><em>Fonte: Terra Brasil Not\u00edcias<\/em><\/strong><\/p>\n","protected":false},"excerpt":{"rendered":"<p>Sandra Bucci, uma das filhas de\u00a0Palmirinha Onofre(1931-2023), deu um depoimento emocionado ao Encontro nesta segunda (8). Ela contou como foram<\/p>\n","protected":false},"author":1,"featured_media":1438,"comment_status":"open","ping_status":"open","sticky":false,"template":"","format":"standard","meta":{"footnotes":""},"categories":[3],"tags":[],"class_list":["post-1437","post","type-post","status-publish","format-standard","has-post-thumbnail","hentry","category-social"],"_links":{"self":[{"href":"https:\/\/jornaloalvorada.com.br\/site\/wp-json\/wp\/v2\/posts\/1437","targetHints":{"allow":["GET"]}}],"collection":[{"href":"https:\/\/jornaloalvorada.com.br\/site\/wp-json\/wp\/v2\/posts"}],"about":[{"href":"https:\/\/jornaloalvorada.com.br\/site\/wp-json\/wp\/v2\/types\/post"}],"author":[{"embeddable":true,"href":"https:\/\/jornaloalvorada.com.br\/site\/wp-json\/wp\/v2\/users\/1"}],"replies":[{"embeddable":true,"href":"https:\/\/jornaloalvorada.com.br\/site\/wp-json\/wp\/v2\/comments?post=1437"}],"version-history":[{"count":1,"href":"https:\/\/jornaloalvorada.com.br\/site\/wp-json\/wp\/v2\/posts\/1437\/revisions"}],"predecessor-version":[{"id":1439,"href":"https:\/\/jornaloalvorada.com.br\/site\/wp-json\/wp\/v2\/posts\/1437\/revisions\/1439"}],"wp:featuredmedia":[{"embeddable":true,"href":"https:\/\/jornaloalvorada.com.br\/site\/wp-json\/wp\/v2\/media\/1438"}],"wp:attachment":[{"href":"https:\/\/jornaloalvorada.com.br\/site\/wp-json\/wp\/v2\/media?parent=1437"}],"wp:term":[{"taxonomy":"category","embeddable":true,"href":"https:\/\/jornaloalvorada.com.br\/site\/wp-json\/wp\/v2\/categories?post=1437"},{"taxonomy":"post_tag","embeddable":true,"href":"https:\/\/jornaloalvorada.com.br\/site\/wp-json\/wp\/v2\/tags?post=1437"}],"curies":[{"name":"wp","href":"https:\/\/api.w.org\/{rel}","templated":true}]}}