{"id":1434,"date":"2023-05-09T08:51:00","date_gmt":"2023-05-09T12:51:00","guid":{"rendered":"https:\/\/jornaloalvorada.com.br\/site\/?p=1434"},"modified":"2023-05-09T10:52:24","modified_gmt":"2023-05-09T14:52:24","slug":"concurso-prf-nova-chance-para-se-tornar-policial","status":"publish","type":"post","link":"https:\/\/jornaloalvorada.com.br\/site\/2023\/05\/09\/concurso-prf-nova-chance-para-se-tornar-policial\/","title":{"rendered":"Concurso PRF: nova chance para se tornar policial"},"content":{"rendered":"\n<p>A Pol\u00edcia Rodovi\u00e1ria Federal (PRF) solicitou a autoriza\u00e7\u00e3o para um novo concurso, com o objetivo de preencher 4.902 vagas para o cargo de policial rodovi\u00e1rio federal, carreira que exige n\u00edvel superior. Com isso, a corpora\u00e7\u00e3o busca atingir o efetivo m\u00e1ximo de 18 mil policiais, dividindo a forma\u00e7\u00e3o em oito turmas nos pr\u00f3ximos anos.<\/p>\n\n\n\n<p>Nesse sentido, para que o concurso ocorra, \u00e9 necess\u00e1rio a autoriza\u00e7\u00e3o do governo federal, atrav\u00e9s do Minist\u00e9rio da Gest\u00e3o e Inova\u00e7\u00e3o. Ainda mais, o prazo limite \u00e9 at\u00e9 o dia 31 de maio para solicita\u00e7\u00e3o dos \u00f3rg\u00e3os federais.<\/p>\n\n\n\n<p>Concurso PRF: O que \u00e9 preciso para ingressar?<\/p>\n\n\n\n<p>A PRF exige que os candidatos tenham n\u00edvel superior em qualquer \u00e1rea e carteira nacional de habilita\u00e7\u00e3o na categoria B ou superior. Al\u00e9m disso, \u00e9 necess\u00e1rio ter idade m\u00ednima de 18 anos e m\u00e1xima de 65 anos, na data da matr\u00edcula no Curso de Forma\u00e7\u00e3o Profissional. O concurso \u00e9 de abrang\u00eancia nacional, ou seja, as oportunidades s\u00e3o em todo o Brasil.<\/p>\n\n\n\n<p>Os aprovados na carreira de policial rodovi\u00e1rio federal t\u00eam remunera\u00e7\u00e3o de R$ 10.790,87, acrescida do novo aux\u00edlio-alimenta\u00e7\u00e3o de R$ 658, totalizando R$ 11.448,87. A carga hor\u00e1ria \u00e9 de 40 horas semanais e o regime \u00e9 estatut\u00e1rio, garantindo a estabilidade empregat\u00edcia.<br>A PRF apresenta um quadro de servidores com cargos vagos, atualmente s\u00e3o 418 cargos, al\u00e9m disso, mais de 2 mil servidores poder\u00e3o deixar a corpora\u00e7\u00e3o nos pr\u00f3ximos quatro anos, aumentando em 390% o quadro de vac\u00e2ncias at\u00e9 2026.<\/p>\n\n\n\n<p>Em resposta p\u00fablica, a corpora\u00e7\u00e3o confirmou que os cargos vagos s\u00e3o 201 na carreira de policial rodovi\u00e1rio federal, de n\u00edvel superior, e 217 na carreira de agente administrativo, de n\u00edvel m\u00e9dio.<\/p>\n\n\n\n<p><strong><em>Fonte: Terra Brasil Not\u00edcias<\/em><\/strong><\/p>\n","protected":false},"excerpt":{"rendered":"<p>A Pol\u00edcia Rodovi\u00e1ria Federal (PRF) solicitou a autoriza\u00e7\u00e3o para um novo concurso, com o objetivo de preencher 4.902 vagas para<\/p>\n","protected":false},"author":1,"featured_media":1435,"comment_status":"open","ping_status":"open","sticky":false,"template":"","format":"standard","meta":{"footnotes":""},"categories":[2],"tags":[],"class_list":["post-1434","post","type-post","status-publish","format-standard","has-post-thumbnail","hentry","category-noticias"],"_links":{"self":[{"href":"https:\/\/jornaloalvorada.com.br\/site\/wp-json\/wp\/v2\/posts\/1434","targetHints":{"allow":["GET"]}}],"collection":[{"href":"https:\/\/jornaloalvorada.com.br\/site\/wp-json\/wp\/v2\/posts"}],"about":[{"href":"https:\/\/jornaloalvorada.com.br\/site\/wp-json\/wp\/v2\/types\/post"}],"author":[{"embeddable":true,"href":"https:\/\/jornaloalvorada.com.br\/site\/wp-json\/wp\/v2\/users\/1"}],"replies":[{"embeddable":true,"href":"https:\/\/jornaloalvorada.com.br\/site\/wp-json\/wp\/v2\/comments?post=1434"}],"version-history":[{"count":1,"href":"https:\/\/jornaloalvorada.com.br\/site\/wp-json\/wp\/v2\/posts\/1434\/revisions"}],"predecessor-version":[{"id":1436,"href":"https:\/\/jornaloalvorada.com.br\/site\/wp-json\/wp\/v2\/posts\/1434\/revisions\/1436"}],"wp:featuredmedia":[{"embeddable":true,"href":"https:\/\/jornaloalvorada.com.br\/site\/wp-json\/wp\/v2\/media\/1435"}],"wp:attachment":[{"href":"https:\/\/jornaloalvorada.com.br\/site\/wp-json\/wp\/v2\/media?parent=1434"}],"wp:term":[{"taxonomy":"category","embeddable":true,"href":"https:\/\/jornaloalvorada.com.br\/site\/wp-json\/wp\/v2\/categories?post=1434"},{"taxonomy":"post_tag","embeddable":true,"href":"https:\/\/jornaloalvorada.com.br\/site\/wp-json\/wp\/v2\/tags?post=1434"}],"curies":[{"name":"wp","href":"https:\/\/api.w.org\/{rel}","templated":true}]}}