{"id":1431,"date":"2023-05-09T10:40:51","date_gmt":"2023-05-09T14:40:51","guid":{"rendered":"https:\/\/jornaloalvorada.com.br\/site\/?p=1431"},"modified":"2023-05-09T10:40:54","modified_gmt":"2023-05-09T14:40:54","slug":"previsao-e-de-terca-feira-com-chuvas-em-mato-grosso-do-sul","status":"publish","type":"post","link":"https:\/\/jornaloalvorada.com.br\/site\/2023\/05\/09\/previsao-e-de-terca-feira-com-chuvas-em-mato-grosso-do-sul\/","title":{"rendered":"Previs\u00e3o \u00e9 de ter\u00e7a-feira com chuvas em Mato Grosso do Sul"},"content":{"rendered":"\n<p>Devido ao avan\u00e7o de uma frente fria e de uma \u00e1rea de baixa press\u00e3o atmosf\u00e9rica, Mato Grosso do Sul permanece com tempo inst\u00e1vel nesta ter\u00e7a-feira (9).&nbsp;<\/p>\n\n\n\n<p>Segundo o Cemtec (Centro de Monitoramento do Tempo e do Clima), podem ocorrer chuvas de intensidade fraca a moderada e, em alguns pontos, at\u00e9 tempestades acompanhadas de raios e rajadas de vento.<\/p>\n\n\n\n<p>Nas regi\u00f5es Cone-Sul e Sul-fronteira, as temperaturas m\u00ednimas ficam abaixo de 20\u00baC. Para Iguatemi, a menor temperatura prevista \u00e9 de 18\u00baC e, para Ponta Por\u00e3, 19\u00baC.<\/p>\n\n\n\n<p>Em Campo Grande, os term\u00f4metros marcam de 21\u00baC a 27\u00baC.&nbsp;<\/p>\n\n\n\n<p>E as maiores temperaturas s\u00e3o esperadas para as regi\u00f5es Norte, Bols\u00e3o e no Pantanal: 31\u00baC em Aquidauana; Parana\u00edba e Tr\u00eas Lagoas; e 29\u00baC em Aquidauana.<\/p>\n\n\n\n<p><em><strong>Paulo Fernandes, Comunica\u00e7\u00e3o do Governo de MS<\/strong><\/em><\/p>\n\n\n\n<p><em><strong>Foto: Bruno Rezende<\/strong><\/em><\/p>\n","protected":false},"excerpt":{"rendered":"<p>Devido ao avan\u00e7o de uma frente fria e de uma \u00e1rea de baixa press\u00e3o atmosf\u00e9rica, Mato Grosso do Sul permanece<\/p>\n","protected":false},"author":1,"featured_media":1432,"comment_status":"open","ping_status":"open","sticky":false,"template":"","format":"standard","meta":{"footnotes":""},"categories":[2],"tags":[],"class_list":["post-1431","post","type-post","status-publish","format-standard","has-post-thumbnail","hentry","category-noticias"],"_links":{"self":[{"href":"https:\/\/jornaloalvorada.com.br\/site\/wp-json\/wp\/v2\/posts\/1431","targetHints":{"allow":["GET"]}}],"collection":[{"href":"https:\/\/jornaloalvorada.com.br\/site\/wp-json\/wp\/v2\/posts"}],"about":[{"href":"https:\/\/jornaloalvorada.com.br\/site\/wp-json\/wp\/v2\/types\/post"}],"author":[{"embeddable":true,"href":"https:\/\/jornaloalvorada.com.br\/site\/wp-json\/wp\/v2\/users\/1"}],"replies":[{"embeddable":true,"href":"https:\/\/jornaloalvorada.com.br\/site\/wp-json\/wp\/v2\/comments?post=1431"}],"version-history":[{"count":1,"href":"https:\/\/jornaloalvorada.com.br\/site\/wp-json\/wp\/v2\/posts\/1431\/revisions"}],"predecessor-version":[{"id":1433,"href":"https:\/\/jornaloalvorada.com.br\/site\/wp-json\/wp\/v2\/posts\/1431\/revisions\/1433"}],"wp:featuredmedia":[{"embeddable":true,"href":"https:\/\/jornaloalvorada.com.br\/site\/wp-json\/wp\/v2\/media\/1432"}],"wp:attachment":[{"href":"https:\/\/jornaloalvorada.com.br\/site\/wp-json\/wp\/v2\/media?parent=1431"}],"wp:term":[{"taxonomy":"category","embeddable":true,"href":"https:\/\/jornaloalvorada.com.br\/site\/wp-json\/wp\/v2\/categories?post=1431"},{"taxonomy":"post_tag","embeddable":true,"href":"https:\/\/jornaloalvorada.com.br\/site\/wp-json\/wp\/v2\/tags?post=1431"}],"curies":[{"name":"wp","href":"https:\/\/api.w.org\/{rel}","templated":true}]}}