{"id":12240,"date":"2026-04-30T12:23:36","date_gmt":"2026-04-30T16:23:36","guid":{"rendered":"https:\/\/jornaloalvorada.com.br\/site\/?p=12240"},"modified":"2026-04-30T12:50:11","modified_gmt":"2026-04-30T16:50:11","slug":"prefeito-jose-paleari-acompanha-trabalhos-de-limpeza-no-bairro-maria-de-lourdes","status":"publish","type":"post","link":"https:\/\/jornaloalvorada.com.br\/site\/2026\/04\/30\/prefeito-jose-paleari-acompanha-trabalhos-de-limpeza-no-bairro-maria-de-lourdes\/","title":{"rendered":"Prefeito Jos\u00e9 Paleari acompanha trabalhos de limpeza no bairro Maria de Lourdes"},"content":{"rendered":"\n<p>Come\u00e7ando nosso dia acompanhando os trabalhos de limpeza no Bairro Maria de Lourdes.<\/p>\n\n\n\n<p>Contamos com a colabora\u00e7\u00e3o de todos para manter a cidade limpa: evite descartar entulhos nas ruas.<\/p>\n\n\n\n<p>Cuidar da limpeza urbana \u00e9 um dever de cada um de n\u00f3s. Juntos, fazemos a diferen\u00e7a!<\/p>\n\n\n\n<iframe loading=\"lazy\" src=\"https:\/\/www.facebook.com\/plugins\/video.php?height=476&#038;href=https%3A%2F%2Fwww.facebook.com%2Freel%2F979856981297448%2F&#038;show_text=false&#038;width=267&#038;t=0\" width=\"267\" height=\"476\" style=\"border:none;overflow:hidden\" scrolling=\"no\" frameborder=\"0\" allowfullscreen=\"true\" allow=\"autoplay; clipboard-write; encrypted-media; picture-in-picture; web-share\" allowFullScreen=\"true\"><\/iframe>\n","protected":false},"excerpt":{"rendered":"<p>Come\u00e7ando nosso dia acompanhando os trabalhos de limpeza no Bairro Maria de Lourdes. Contamos com a colabora\u00e7\u00e3o de todos para<\/p>\n","protected":false},"author":1,"featured_media":12241,"comment_status":"open","ping_status":"open","sticky":false,"template":"","format":"standard","meta":{"footnotes":""},"categories":[2],"tags":[],"class_list":["post-12240","post","type-post","status-publish","format-standard","has-post-thumbnail","hentry","category-noticias"],"_links":{"self":[{"href":"https:\/\/jornaloalvorada.com.br\/site\/wp-json\/wp\/v2\/posts\/12240","targetHints":{"allow":["GET"]}}],"collection":[{"href":"https:\/\/jornaloalvorada.com.br\/site\/wp-json\/wp\/v2\/posts"}],"about":[{"href":"https:\/\/jornaloalvorada.com.br\/site\/wp-json\/wp\/v2\/types\/post"}],"author":[{"embeddable":true,"href":"https:\/\/jornaloalvorada.com.br\/site\/wp-json\/wp\/v2\/users\/1"}],"replies":[{"embeddable":true,"href":"https:\/\/jornaloalvorada.com.br\/site\/wp-json\/wp\/v2\/comments?post=12240"}],"version-history":[{"count":2,"href":"https:\/\/jornaloalvorada.com.br\/site\/wp-json\/wp\/v2\/posts\/12240\/revisions"}],"predecessor-version":[{"id":12243,"href":"https:\/\/jornaloalvorada.com.br\/site\/wp-json\/wp\/v2\/posts\/12240\/revisions\/12243"}],"wp:featuredmedia":[{"embeddable":true,"href":"https:\/\/jornaloalvorada.com.br\/site\/wp-json\/wp\/v2\/media\/12241"}],"wp:attachment":[{"href":"https:\/\/jornaloalvorada.com.br\/site\/wp-json\/wp\/v2\/media?parent=12240"}],"wp:term":[{"taxonomy":"category","embeddable":true,"href":"https:\/\/jornaloalvorada.com.br\/site\/wp-json\/wp\/v2\/categories?post=12240"},{"taxonomy":"post_tag","embeddable":true,"href":"https:\/\/jornaloalvorada.com.br\/site\/wp-json\/wp\/v2\/tags?post=12240"}],"curies":[{"name":"wp","href":"https:\/\/api.w.org\/{rel}","templated":true}]}}