{"id":12236,"date":"2026-04-28T14:53:05","date_gmt":"2026-04-28T18:53:05","guid":{"rendered":"https:\/\/jornaloalvorada.com.br\/site\/?p=12236"},"modified":"2026-04-28T14:53:06","modified_gmt":"2026-04-28T18:53:06","slug":"eleicoes-2026-prazo-para-regularizar-pendencias-termina-em-uma-semana","status":"publish","type":"post","link":"https:\/\/jornaloalvorada.com.br\/site\/2026\/04\/28\/eleicoes-2026-prazo-para-regularizar-pendencias-termina-em-uma-semana\/","title":{"rendered":"Elei\u00e7\u00f5es 2026: prazo para regularizar pend\u00eancias termina em uma semana"},"content":{"rendered":"\n<p><strong>Os eleitores que pretendem votar nas elei\u00e7\u00f5es de outubro t\u00eam at\u00e9 o dia 6 de maio para regularizar suas pend\u00eancias na Justi\u00e7a Eleitoral.<\/strong><img decoding=\"async\" src=\"https:\/\/agenciabrasil.ebc.com.br\/ebc.png?id=1687444&amp;o=node\"><img decoding=\"async\" src=\"https:\/\/agenciabrasil.ebc.com.br\/ebc.gif?id=1687444&amp;o=node\"><\/p>\n\n\n\n<p>O prazo deve ser observado pelo cidad\u00e3o que quer tirar o primeiro t\u00edtulo de eleitor, regularizar o documento, cadastrar biometria, transferir o domic\u00edlio eleitoral e atualizar dados cadastrais.<\/p>\n\n\n\n<p>A partir do dia 7 de maio, o cadastro eleitoral ser\u00e1 fechado e n\u00e3o ser\u00e3o permitidas altera\u00e7\u00f5es nos dados dos eleitores.<\/p>\n\n\n\n<p><strong>Para resolver as pend\u00eancias, o eleitor pode acessar o servi\u00e7o eletr\u00f4nico <a href=\"https:\/\/www.tse.jus.br\/servicos-eleitorais\/autoatendimento-eleitoral#\">dispon\u00edvel no site do Tribunal Superior Eleitoral (TSE)<\/a>.<\/strong><\/p>\n\n\n\n<p>Pela plataforma, \u00e9 poss\u00edvel enviar os documentos solicitados para cada tipo de servi\u00e7o e acompanhar o andamento da solicita\u00e7\u00e3o.<\/p>\n\n\n\n<p>O eleitor tamb\u00e9m pode procurar os cart\u00f3rios eleitorais ou postos de atendimento presenciais em todo o pa\u00eds. A localiza\u00e7\u00e3o pode ser encontrada no site do tribunal.&nbsp;<\/p>\n\n\n\n<p><strong>Alguns servi\u00e7os, como a coleta de biometria e a solicita\u00e7\u00e3o do primeiro t\u00edtulo, s\u00f3 podem ser realizados presencialmente.<\/strong><\/p>\n\n\n\n<h2 class=\"wp-block-heading\">Regulariza\u00e7\u00e3o&nbsp;<\/h2>\n\n\n\n<p><strong>Para verificar se o t\u00edtulo est\u00e1 regular, o eleitor pode acessar a p\u00e1gina do TSE na internet e clicar no menu <em>Consultas<\/em>. Em seguida, basta clicar em <em>Situa\u00e7\u00e3o do T\u00edtulo<\/em>.<\/strong><\/p>\n\n\n\n<p>O passo a passo para a regulariza\u00e7\u00e3o ser\u00e1 indicado pelo sistema eletr\u00f4nico.&nbsp;<\/p>\n\n\n\n<h2 class=\"wp-block-heading\">Cancelamento<\/h2>\n\n\n\n<p>O prazo de regulariza\u00e7\u00e3o tamb\u00e9m deve ser seguido por quem teve o t\u00edtulo cancelado por deixar de votar por tr\u00eas elei\u00e7\u00f5es seguidas (tr\u00eas turnos consecutivos) e n\u00e3o justificou aus\u00eancia.&nbsp;<\/p>\n\n\n\n<p><strong>Al\u00e9m de n\u00e3o conseguir votar nas elei\u00e7\u00f5es de outubro, a manuten\u00e7\u00e3o do cancelamento pode causar diversas restri\u00e7\u00f5es para o cidad\u00e3o, como&nbsp;n\u00e3o conseguir tirar passaporte ou carteira de identidade, renovar matr\u00edcula em institui\u00e7\u00e3o p\u00fablica de ensino e tomar posse em cargo p\u00fablico ap\u00f3s ser aprovado em concurso.<\/strong><\/p>\n\n\n\n<h2 class=\"wp-block-heading\">Primeiro t\u00edtulo&nbsp;<\/h2>\n\n\n\n<p><strong>De acordo com a Constitui\u00e7\u00e3o, o voto \u00e9 obrigat\u00f3rio para quem tem entre 18 e 70 anos e facultativo para jovens entre 16 e 17 anos e quem tem mais de 70.&nbsp;<\/strong><\/p>\n\n\n\n<p>Ap\u00f3s completar 15 anos, os jovens poder\u00e3o solicitar a emiss\u00e3o do primeiro t\u00edtulo de eleitor. Contudo, somente estar\u00e1 apto a votar quem tiver completado 16 anos na data da elei\u00e7\u00e3o.&nbsp;<\/p>\n\n\n\n<p>O primeiro turno das elei\u00e7\u00f5es ser\u00e1 realizado no dia 4 de outubro, quando ser\u00e3o eleitos o presidente da Rep\u00fablica, governadores, senadores, deputados federais, estaduais e distritais.<\/p>\n\n\n\n<p>Eventual segundo turno para os cargos de governador e presidente ocorrer\u00e1 no dia 25 do mesmo m\u00eas.&nbsp;<\/p>\n\n\n\n<p><strong><em>Fonte: Ag\u00eancia Brasil<\/em><\/strong><\/p>\n","protected":false},"excerpt":{"rendered":"<p>Os eleitores que pretendem votar nas elei\u00e7\u00f5es de outubro t\u00eam at\u00e9 o dia 6 de maio para regularizar suas pend\u00eancias<\/p>\n","protected":false},"author":1,"featured_media":12237,"comment_status":"open","ping_status":"open","sticky":false,"template":"","format":"standard","meta":{"footnotes":""},"categories":[2],"tags":[],"class_list":["post-12236","post","type-post","status-publish","format-standard","has-post-thumbnail","hentry","category-noticias"],"_links":{"self":[{"href":"https:\/\/jornaloalvorada.com.br\/site\/wp-json\/wp\/v2\/posts\/12236","targetHints":{"allow":["GET"]}}],"collection":[{"href":"https:\/\/jornaloalvorada.com.br\/site\/wp-json\/wp\/v2\/posts"}],"about":[{"href":"https:\/\/jornaloalvorada.com.br\/site\/wp-json\/wp\/v2\/types\/post"}],"author":[{"embeddable":true,"href":"https:\/\/jornaloalvorada.com.br\/site\/wp-json\/wp\/v2\/users\/1"}],"replies":[{"embeddable":true,"href":"https:\/\/jornaloalvorada.com.br\/site\/wp-json\/wp\/v2\/comments?post=12236"}],"version-history":[{"count":1,"href":"https:\/\/jornaloalvorada.com.br\/site\/wp-json\/wp\/v2\/posts\/12236\/revisions"}],"predecessor-version":[{"id":12238,"href":"https:\/\/jornaloalvorada.com.br\/site\/wp-json\/wp\/v2\/posts\/12236\/revisions\/12238"}],"wp:featuredmedia":[{"embeddable":true,"href":"https:\/\/jornaloalvorada.com.br\/site\/wp-json\/wp\/v2\/media\/12237"}],"wp:attachment":[{"href":"https:\/\/jornaloalvorada.com.br\/site\/wp-json\/wp\/v2\/media?parent=12236"}],"wp:term":[{"taxonomy":"category","embeddable":true,"href":"https:\/\/jornaloalvorada.com.br\/site\/wp-json\/wp\/v2\/categories?post=12236"},{"taxonomy":"post_tag","embeddable":true,"href":"https:\/\/jornaloalvorada.com.br\/site\/wp-json\/wp\/v2\/tags?post=12236"}],"curies":[{"name":"wp","href":"https:\/\/api.w.org\/{rel}","templated":true}]}}