{"id":12233,"date":"2026-04-28T14:52:05","date_gmt":"2026-04-28T18:52:05","guid":{"rendered":"https:\/\/jornaloalvorada.com.br\/site\/?p=12233"},"modified":"2026-04-28T14:52:06","modified_gmt":"2026-04-28T18:52:06","slug":"fim-da-escala-6x1-estudos-divergem-sobre-impactos-no-pib-e-inflacao","status":"publish","type":"post","link":"https:\/\/jornaloalvorada.com.br\/site\/2026\/04\/28\/fim-da-escala-6x1-estudos-divergem-sobre-impactos-no-pib-e-inflacao\/","title":{"rendered":"Fim da escala 6&#215;1: estudos divergem sobre impactos no PIB e infla\u00e7\u00e3o"},"content":{"rendered":"\n<p><strong>As propostas de redu\u00e7\u00e3o da jornada de trabalho no Brasil, em <a href=\"https:\/\/agenciabrasil.ebc.com.br\/politica\/noticia\/2026-04\/motta-cria-comissao-para-analisar-pec-da-reducao-da-escala-6x1\" target=\"_blank\" rel=\"noreferrer noopener\">tramita\u00e7\u00e3o no Congresso Nacional<\/a>,&nbsp;t\u00eam mobilizado pesquisadores sobre os poss\u00edveis impactos da medida na economia, a partir do fim da escala de seis dias de trabalho por um de descanso, a chamada 6&#215;1.&nbsp;&nbsp;<\/strong><img decoding=\"async\" src=\"https:\/\/agenciabrasil.ebc.com.br\/ebc.png?id=1687442&amp;o=node\"><img decoding=\"async\" src=\"https:\/\/agenciabrasil.ebc.com.br\/ebc.gif?id=1687442&amp;o=node\"><\/p>\n\n\n\n<p>De&nbsp;um lado, estudos de entidades que representam o empresariado, as chamadas confedera\u00e7\u00f5es patronais, projetam queda no Produto Interno Bruto (PIB) e alta da infla\u00e7\u00e3o.<\/p>\n\n\n\n<p>Por outra perspectiva, an\u00e1lises da Universidade Estadual de Campinas (Unicamp) e do Instituto de Pesquisa Econ\u00f4mica Aplicada (Ipea) desenham um cen\u00e1rio diferente, com impactos reduzidos atingindo apenas alguns setores, al\u00e9m da cria\u00e7\u00e3o de mais empregos e poss\u00edvel aumento do PIB. &nbsp;<\/p>\n\n\n\n<p>Para a economista da Unicamp Marilane Teixeira, a diferen\u00e7a entre as pesquisas sobre os custos econ\u00f4micos da redu\u00e7\u00e3o da jornada ocorre porque n\u00e3o se trata de um debate puramente t\u00e9cnico, mas pol\u00edtico. &nbsp;<\/p>\n\n\n\n<blockquote class=\"wp-block-quote is-layout-flow wp-block-quote-is-layout-flow\">\n<p>\u201cParte significativa da literatura econ\u00f4mica que discute o assunto parte de modelos que assumem, como regra, que qualquer redu\u00e7\u00e3o na quantidade de horas trabalhadas levar\u00e1, inevitavelmente, \u00e0 redu\u00e7\u00e3o da produ\u00e7\u00e3o e da renda \u2013 ignorando, assim, os ajustes din\u00e2micos que historicamente ocorrem no mercado de trabalho\u201d, aponta.&nbsp;<\/p>\n<\/blockquote>\n\n\n<div class=\"wp-block-image\">\n<figure class=\"alignleft\"><img decoding=\"async\" src=\"https:\/\/imagens.ebc.com.br\/NmbMR6E1a-5l-Rl6kALLN3y388o=\/365x0\/smart\/https:\/\/agenciabrasil.ebc.com.br\/sites\/default\/files\/thumbnails\/image\/2026\/04\/27\/53213044858_1fe88eb5e2_c.jpg?itok=dGb_edJX\" alt=\"Bras\u00edlia (DF), 27\/04\/2026 - FOTO DE ARQUIVO - Professora da Unicamp Marilane Teixeira. Foto: Pedro Fran\u00e7a\/Ag\u00eancia Senado\" title=\"Pedro Fran\u00e7a\/Ag\u00eancia Senado\"\/><figcaption class=\"wp-element-caption\">Para a professora da Unicamp Marilane Teixeira, a diferen\u00e7a entre as pesquisas ocorre porque o debate \u00e9 pol\u00edtico. <strong>Foto: Pedro Fran\u00e7a\/Ag\u00eancia Senado<\/strong><\/figcaption><\/figure>\n<\/div>\n\n\n<p>Membro do <a href=\"https:\/\/econtents.sbu.unicamp.br\/inpec\/index.php\/rbest\/article\/view\/20820\/14938\" target=\"_blank\" rel=\"noreferrer noopener\">Centro de Estudos Sindicais e de Economia do Trabalho (Cesite)<\/a>, Marilene defende que a resist\u00eancia \u00e0 redu\u00e7\u00e3o da jornada, por parte dos empregadores, pode levar a proje\u00e7\u00f5es alarmistas. &nbsp;<\/p>\n\n\n\n<p>\u201cDo ponto de vista dos empregadores, \u00e9 claro que, qualquer mudan\u00e7a \u00e9 vista a partir do seu neg\u00f3cio. Eles n\u00e3o olham a economia como um todo, mas isso traz benef\u00edcios para o conjunto da sociedade\u201d, acredita.&nbsp;<\/p>\n\n\n\n<h2 class=\"wp-block-heading\">Previs\u00f5es &nbsp;<\/h2>\n\n\n\n<p><strong>A <a href=\"https:\/\/static.portaldaindustria.com.br\/portaldaindustria\/noticias\/media\/filer_public\/36\/1b\/361b1ce0-cb7d-415e-bf85-b89709f64845\/nota_tecnica.pdf\" target=\"_blank\" rel=\"noreferrer noopener\">pesquisa<\/a> da Confedera\u00e7\u00e3o Nacional da Ind\u00fastria (CNI) calcula uma perda de R$ 76 bilh\u00f5es no PIB brasileiro (-0,7%) com a redu\u00e7\u00e3o da jornada das atuais 44&nbsp;para 40 horas.<\/strong> No caso da ind\u00fastria, o PIB cairia 1,2%.&nbsp;<\/p>\n\n\n\n<blockquote class=\"wp-block-quote is-layout-flow wp-block-quote-is-layout-flow\">\n<p>\u201cNossa ind\u00fastria vai perder participa\u00e7\u00e3o no mercado dom\u00e9stico e internacional, a partir da redu\u00e7\u00e3o nas exporta\u00e7\u00f5es e da alta nas importa\u00e7\u00f5es\u201d, destaca o presidente da CNI, Ricardo Alban.&nbsp;<\/p>\n<\/blockquote>\n\n\n\n<p>J\u00e1 a Confedera\u00e7\u00e3o Nacional do Com\u00e9rcio de Bens, Servi\u00e7os e Turismo (CNC), que re\u00fane empres\u00e1rios desses setores, <a href=\"https:\/\/portal-bucket.azureedge.net\/wp-content\/2026\/02\/Jornada6x1_Geade.pdf\" target=\"_blank\" rel=\"noreferrer noopener\">afirma<\/a> que a redu\u00e7\u00e3o da jornada aumentaria os custos sobre a folha salarial em 21%. <strong>A estimativa da CNC cita que o repasse de pre\u00e7os ao consumidor poderia chegar a 13%. <\/strong>&nbsp;J\u00e1 a CNI aponta para altas nos pre\u00e7os de 6,2%, em m\u00e9dia.&nbsp;<\/p>\n\n\n\n<p>\u201cSem redu\u00e7\u00e3o dos sal\u00e1rios nominais, espera-se por impactos significativos sobre a rentabilidade da atividade comercial no Brasil\u201d, diz a CNC.&nbsp;<\/p>\n\n\n\n<h2 class=\"wp-block-heading\">Custos x benef\u00edcios&nbsp;<\/h2>\n\n\n\n<p>J\u00e1 o <a href=\"https:\/\/repositorio.ipea.gov.br\/server\/api\/core\/bitstreams\/7083c3f2-81ee-48e6-a525-c9fe4b56d5e7\/content\" target=\"_blank\" rel=\"noreferrer noopener\">estudo do Ipea<\/a> afirma que a alta no custo das empresas com os trabalhadores, a partir da redu\u00e7\u00e3o da jornada, n\u00e3o passaria dos 10%, no caso dos setores mais impactados. Na m\u00e9dia, a previs\u00e3o \u00e9 de um custo extra do trabalho de 7,8%.&nbsp; &nbsp;<\/p>\n\n\n\n<p><strong>Por\u00e9m, considerando o custo total das empresas, conta que engloba o conjunto de&nbsp;gastos, o impacto da redu\u00e7\u00e3o da jornada varia de 1%, em setores como com\u00e9rcio e ind\u00fastria, a at\u00e9 6,6%, no caso do ramo de vigil\u00e2ncia e seguran\u00e7a.&nbsp;<\/strong><\/p>\n\n\n\n<blockquote class=\"wp-block-quote is-layout-flow wp-block-quote-is-layout-flow\">\n<p>\u201cOs resultados indicam que a maioria dos setores produtivos apresenta capacidade de absorver aumentos nos custos do trabalho, ainda que alguns segmentos demandem aten\u00e7\u00e3o espec\u00edfica\u201d, diz o estudo do Ipea.&nbsp;<\/p>\n<\/blockquote>\n\n\n\n<p><strong>A exce\u00e7\u00e3o seriam as empresas com at\u00e9 nove trabalhadores, que empregam cerca de 25% dos assalariados formais do pa\u00eds. Segundo o Ipea, esses neg\u00f3cios podem precisar de apoio estatal para transi\u00e7\u00e3o \u00e0 nova jornada de trabalho. &nbsp;&nbsp;<\/strong><\/p>\n\n\n<div class=\"wp-block-image\">\n<figure class=\"alignleft\"><img decoding=\"async\" src=\"https:\/\/imagens.ebc.com.br\/I1moWKPHgQkISKBhxb2lqjlDu5Q=\/365x0\/smart\/https:\/\/agenciabrasil.ebc.com.br\/sites\/default\/files\/thumbnails\/image\/caged_vac_abr_2804223653.jpg?itok=T_HkAh-s\" alt=\"O coordenador de cadastro e identifica\u00e7\u00e3o profisional da secretaria de trabalho, Felipe Pateo,fala \u00e0 imprensa durante a divulga\u00e7\u00e3o dos dados de mar\u00e7o do Novo Cadastro Geral de Empregados e Desempregados (Novo Caged)\" title=\"Valter Campanato\/Ag\u00eancia Brasil\"\/><figcaption class=\"wp-element-caption\">Autor do estudo do Ipea, Felipe Pateo afirma que o levantamento da CNC n\u00e3o demonstra, \u201cde forma transparente\u201d, como eles chegaram ao aumento de 21% no custo do trabalho.\u00a0\u00a0<strong>Foto:Valter Campanato\/Ag\u00eancia Brasil<\/strong><\/figcaption><\/figure>\n<\/div>\n\n\n<p>Um dos autores do estudo do Ipea, Felipe Pateo, afirma que o levantamento da CNC n\u00e3o demonstra, \u201cde forma transparente\u201d, como eles chegaram ao aumento de 21% no custo do trabalho.&nbsp;<\/p>\n\n\n\n<p>\u201cMesmo olhando s\u00f3 para o custo do trabalho em si, a gente mostra que, matematicamente, n\u00e3o tem como esse aumento ser maior do que 10% porque \u00e9 exatamente o tempo de horas que o empregador vai perder em rela\u00e7\u00e3o ao trabalhador que faz 44 horas semanais\u201d, afirmou.&nbsp;<\/p>\n\n\n\n<p>A A<strong>g\u00eancia Brasil<\/strong> procurou a CNC para comentar as diverg\u00eancias, mas n\u00e3o obteve retorno at\u00e9 o fechamento desta reportagem.&nbsp;<\/p>\n\n\n\n<h2 class=\"wp-block-heading\">Infla\u00e7\u00e3o dos pre\u00e7os&nbsp;<\/h2>\n\n\n<div class=\"wp-block-image\">\n<figure class=\"aligncenter\"><img decoding=\"async\" src=\"https:\/\/imagens.ebc.com.br\/HdoeMZxpiQQ1ekzZyOny8-MuhwU=\/754x0\/smart\/https:\/\/agenciabrasil.ebc.com.br\/sites\/default\/files\/atoms\/image\/supermercados_prateleira.jpg?itok=WZ60lfkA\" alt=\"Supermercados\nFoto: T\u00e2nia R\u00eago\/Arquivo\/Ag\u00eancia Brasil\/Arquivo\" title=\"T\u00e2nia R\u00eago\/Arquivo\/Ag\u00eancia Brasil\/Arquivo\"\/><figcaption class=\"wp-element-caption\">Setor de com\u00e9rcio calcula aumento dos custos com redu\u00e7\u00e3o da jornada\u00a0 &#8211; <strong>T\u00e2nia R\u00eago\/Arquivo\/Ag\u00eancia Brasil\/Arquivo<\/strong><\/figcaption><\/figure>\n<\/div>\n\n\n<p>Proje\u00e7\u00f5es de aumento de pre\u00e7os com o fim da escala 6&#215;1 s\u00e3o destaque nos estudos de entidades patronais como CNC e <a href=\"https:\/\/static.portaldaindustria.com.br\/portaldaindustria\/noticias\/media\/filer_public\/04\/f0\/04f04592-0f48-4da1-bd33-7343e8e04706\/impacto_da_reducao_da_escala_de_trabalho_nos_precos_ao_consumidor.pdf\" target=\"_blank\" rel=\"noreferrer noopener\">CNI<\/a>, que argumentam que o aumento do custo da m\u00e3o de obra ser\u00e1 repassado ao consumidor final. &nbsp;&nbsp;<\/p>\n\n\n\n<p>O economista da CNI Marcelo Azevedo pondera que a necessidade de contratar mais vai gerar aumento de custos na ponta.&nbsp;<\/p>\n\n\n\n<blockquote class=\"wp-block-quote is-layout-flow wp-block-quote-is-layout-flow\">\n<p>\u201cTem aumento de custo porque o valor do sal\u00e1rio-hora aumentou, ent\u00e3o vai ter aumento de custo. Todos os produtos v\u00e3o ter aumento. Isso \u00e9 um efeito que vai se acumulando porque cada setor tem o mesmo problema\u201d, explica.&nbsp;<\/p>\n<\/blockquote>\n\n\n\n<p>Por sua vez, o economista do Ipea Felipe Pateo avalia que o impacto inflacion\u00e1rio ser\u00e1 limitado, lembrando que os empres\u00e1rios podem ainda absorver essa diferen\u00e7a com redu\u00e7\u00e3o de lucros.&nbsp;<\/p>\n\n\n\n<blockquote class=\"wp-block-quote is-layout-flow wp-block-quote-is-layout-flow\">\n<p>\u201cO aumento no custo operacional \u00e9 de 1%. Se o empres\u00e1rio repassar integralmente esse aumento, vai ser um aumento de 1% no pre\u00e7o do produto\u201d, afirma Pateo.&nbsp;<\/p>\n<\/blockquote>\n\n\n\n<p><strong>J\u00e1 a economista da Unicamp, Marilane Teixeira, avalia que n\u00e3o h\u00e1 risco de aumento generalizado de pre\u00e7os.&nbsp;<\/strong><\/p>\n\n\n\n<blockquote class=\"wp-block-quote is-layout-flow wp-block-quote-is-layout-flow\">\n<p>\u201cSe fosse assim, ent\u00e3o, toda vez que eleva o sal\u00e1rio m\u00ednimo, voc\u00ea teria um aumento da infla\u00e7\u00e3o exponencial porque o sal\u00e1rio m\u00ednimo tem impacto para o conjunto da economia\u201d, compara.&nbsp;<\/p>\n<\/blockquote>\n\n\n\n<p>Ela acrescenta que praticamente todos os setores da economia atuam com capacidade ociosa, que permite aumentar a oferta em caso de press\u00e3o no lado da demanda.&nbsp;<\/p>\n\n\n\n<p>\u201cEssa ideia de que uma eleva\u00e7\u00e3o marginal no custo do trabalho pela contrata\u00e7\u00e3o gera infla\u00e7\u00e3o, n\u00e3o se sustenta. O impacto disso no custo total \u00e9 t\u00e3o marginal que \u00e9 \u00f3bvio que n\u00e3o vai impactar no pre\u00e7o do produto. E se a empresa compete, ele n\u00e3o vai reajustar pre\u00e7o porque corre o risco de perder cliente para o concorrente\u201d, justifica.&nbsp;<\/p>\n\n\n\n<p><strong>A nota t\u00e9cnica do Ipea sustenta que a redu\u00e7\u00e3o da jornada ter\u00e1 efeito semelhante a de aumentos do sal\u00e1rio m\u00ednimo e afirma que as proje\u00e7\u00f5es que preveem redu\u00e7\u00e3o do PIB e do emprego n\u00e3o s\u00e3o respaldadas por estudos que analisam a experi\u00eancia hist\u00f3rica brasileira.&nbsp;<\/strong><\/p>\n\n\n\n<p>\u201cAumentos reais [do sal\u00e1rio m\u00ednimo], que chegaram a 12% em 2001, 7,6% em 2012 e 5,6% em 2024, n\u00e3o causaram efeitos negativos sobre o n\u00edvel de emprego\u201d, diz a nota t\u00e9cnica do Ipea.&nbsp;<\/p>\n\n\n\n<h2 class=\"wp-block-heading\">Diverg\u00eancias&nbsp;<\/h2>\n\n\n\n<p><strong>A diverg\u00eancia entre as pesquisas ocorre porque os levantamentos partem de pressupostos e premissas diferentes para calcular os impactos sobre o PIB e infla\u00e7\u00e3o, por exemplo. &nbsp;<\/strong><\/p>\n\n\n\n<p>O estudo da Unicamp parte da premissa de que a redu\u00e7\u00e3o da jornada vai incentivar os empregadores a contratar mais. Em contrapartida, o estudo da CNI parte do pressuposto de que a redu\u00e7\u00e3o do total de horas trabalhadas diminuiria o total do produto final.&nbsp;<\/p>\n\n\n\n<p>O gerente de an\u00e1lise econ\u00f4mica da CNI, Marcelo Azevedo, explicou \u00e0 <strong>Ag\u00eancia Brasil<\/strong> que os estudos de proje\u00e7\u00f5es econ\u00f4micas simplificam a realidade e precisam definir hip\u00f3teses para fazer proje\u00e7\u00f5es de impactos da mudan\u00e7a.&nbsp;<\/p>\n\n\n\n<blockquote class=\"wp-block-quote is-layout-flow wp-block-quote-is-layout-flow\">\n<p>\u201cVoc\u00ea pode assumir que vai ter ganho de produtividade, voc\u00ea pode assumir que n\u00e3o vai ter ganho de produtividade. E tudo bem. Isso faz parte dos estudos, desde que bem explicitados que tipo de hip\u00f3tese voc\u00ea est\u00e1 assumindo. N\u00e3o \u00e0 toa voc\u00ea tem vis\u00f5es diferentes e n\u00e3o necessariamente erradas, mesmo que conflitantes\u201d, pondera.&nbsp;<\/p>\n<\/blockquote>\n\n\n\n<p><strong>Marilene ressalta que a diferen\u00e7a entre as pesquisas n\u00e3o \u00e9 resultado de uma manipula\u00e7\u00e3o das evid\u00eancias.<\/strong>&nbsp;A partir dos mesmos dados, pode-se chegar a resultados distintos em raz\u00e3o da perspectiva pol\u00edtica, econ\u00f4mica e social que o pesquisador tem do contexto que se analisa.&nbsp;<\/p>\n\n\n\n<p>\u201c\u00c9 um conflito que chamamos de conflito distributivo. \u00c9 uma disputa para definir para onde canalizar os lucros, a renda do trabalho, o sal\u00e1rio e o consumo. O que est\u00e1 em disputa s\u00e3o os ganhos da produtividade\u201d, completa.&nbsp;<\/p>\n\n\n\n<h2 class=\"wp-block-heading\">Produtividade&nbsp;<\/h2>\n\n\n<div class=\"wp-block-image\">\n<figure class=\"aligncenter\"><img decoding=\"async\" src=\"https:\/\/imagens.ebc.com.br\/1ysI3_eAS560V8D5M-hhgEEYaE4=\/754x0\/smart\/https:\/\/agenciabrasil.ebc.com.br\/sites\/default\/files\/atoms\/image\/sede_suzano_celulose_mucuri_ba_03-850x567.jpg?itok=l0jAQF-g\" alt=\"f\u00e1brica, ind\u00fastria, sede da Suzano Celulose\" title=\"Amanda Oliveira\/GovBA\"\/><figcaption class=\"wp-element-caption\">Trabalhador da ind\u00fastria- <strong>Amanda Oliveira\/GovBA<\/strong><\/figcaption><\/figure>\n<\/div>\n\n\n<p>O estudo da CNI aponta que a redu\u00e7\u00e3o da jornada de trabalho vai impactar a competitividade das empresas.<strong> Ele avalia como improv\u00e1vel o aumento da produtividade para compensar a redu\u00e7\u00e3o das horas trabalhadas.&nbsp;<\/strong><\/p>\n\n\n<div class=\"wp-block-image\">\n<figure class=\"alignleft\"><img decoding=\"async\" src=\"https:\/\/imagens.ebc.com.br\/pq8kWlqnM6xQCNZ0PhsT9O8rcZ0=\/365x0\/smart\/https:\/\/agenciabrasil.ebc.com.br\/sites\/default\/files\/thumbnails\/image\/2026\/04\/27\/17312144291_4cf6729237_k.jpg?itok=9GXtCjC5\" alt=\"Entrevista coletiva sobre a Sondagem Industrial. Marcelo Azevedo, economista da CNI.\n\nBras\u00edlia (DF) 29.04.2015 - Foto: Jos\u00e9 Paulo Lacerda\/CNI\" title=\"Jos\u00e9 Paulo Lacerda\/CNI\"\/><figcaption class=\"wp-element-caption\">O economista da CNI Marcelo Azevedo pondera que a necessidade de contratar mais vai gerar aumento de custos na ponta &#8211; <strong>Foto:Jos\u00e9 Paulo Lacerda\/CNI<\/strong><\/figcaption><\/figure>\n<\/div>\n\n\n<p>Ao aumentar a produtividade, uma empresa pode produzir o mesmo com menos tempo de trabalho.&nbsp;<\/p>\n\n\n\n<p>\u201cA gente, infelizmente, e por diversas raz\u00f5es que n\u00e3o s\u00e3o simples de contornar, est\u00e1 com uma produtividade estagnada h\u00e1 muito tempo. Ela \u00e9 baixa frente aos outros pa\u00edses. Acho dif\u00edcil apostar numa melhora significativa de produtividade\u201d, explicou \u00e0 <strong>Ag\u00eancia Brasil<\/strong> o gerente de an\u00e1lise econ\u00f4mica da CNI, Marcelo Azevedo.&nbsp;<\/p>\n\n\n\n<p>A economista Marilane Teixeira aponta que, mesmo com uma jornada relativamente extensa como a brasileira, a produtividade se mant\u00e9m estagnada.&nbsp;<\/p>\n\n\n\n<blockquote class=\"wp-block-quote is-layout-flow wp-block-quote-is-layout-flow\">\n<p>\u201cPortanto, n\u00e3o \u00e9 a jornada de trabalho que vai resolver o problema da produtividade. Talvez, at\u00e9 reduzindo a jornada de trabalho, voc\u00ea possa melhorar a produtividade porque as pessoas v\u00e3o estar mais descansadas\u201d, completa.&nbsp;<\/p>\n<\/blockquote>\n\n\n\n<p>O t\u00e9cnico do Ipea Felipe Pateo afirma que h\u00e1 muitas possibilidades para adequa\u00e7\u00e3o das empresas frente a redu\u00e7\u00e3o da jornada, n\u00e3o sendo poss\u00edvel antecipar uma queda no PIB.&nbsp;<\/p>\n\n\n\n<blockquote class=\"wp-block-quote is-layout-flow wp-block-quote-is-layout-flow\">\n<p>\u201cA hora liberada do trabalhador pode gerar tamb\u00e9m maior produ\u00e7\u00e3o, maior consumo. Pode fazer com que as outras atividades, no tempo livre, tenham uma din\u00e2mica positiva na economia\u201d, explica. &nbsp;&nbsp;<\/p>\n<\/blockquote>\n\n\n\n<h2 class=\"wp-block-heading\">Evolu\u00e7\u00e3o hist\u00f3rica&nbsp;<\/h2>\n\n\n<div class=\"wp-block-image\">\n<figure class=\"aligncenter\"><img decoding=\"async\" src=\"https:\/\/imagens.ebc.com.br\/dxW1wEb0mYasl08ODQGtPcGxoS4=\/754x0\/smart\/https:\/\/agenciabrasil.ebc.com.br\/sites\/default\/files\/thumbnails\/image\/abr00047604foto0003.jpg?itok=jsfxUJbW\" alt=\"\u201cDeclaro promulgado o documento da liberdade, da democracia e da justi\u00e7a social do Brasil\u201d, disse o ent\u00e3o presidente da Assembleia Nacional Constituinte, Ulysses Guimar\u00e3es, ao promulgar a nova Constitui\u00e7\u00e3o Federal de 1988.\" title=\"Arquivo Ag\u00eancia Brasil\"\/><figcaption class=\"wp-element-caption\">Presidente da Assembleia Nacional Constituinte, Ulysses Guimar\u00e3es, ao promulgar a nova Constitui\u00e7\u00e3o Federal de 1988. &#8211; <strong>Arquivo Ag\u00eancia Brasil<\/strong><\/figcaption><\/figure>\n<\/div>\n\n\n<p>Em 1988, a Constitui\u00e7\u00e3o brasileira reduziu a jornada de trabalho de 48 para 44 horas semanais. Em 2002, economistas da PUC Rio e da Universidade de S\u00e3o Paulo (USP) publicaram estudo que n\u00e3o identificou efeitos negativos no n\u00edvel de emprego.&nbsp;<\/p>\n\n\n\n<p>\u201cAs mudan\u00e7as relacionadas \u00e0 jornada de trabalho em 1988 n\u00e3o aumentaram a probabilidade de o trabalhador afetado perder o emprego e diminu\u00edram a sua probabilidade de sair da for\u00e7a de trabalho no ano seguinte&nbsp;\u00e0 mudan\u00e7a regulat\u00f3ria\u201d.&nbsp;<\/p>\n\n\n\n<p>O economista da CNI Marcelo Azevedo questiona a compara\u00e7\u00e3o da redu\u00e7\u00e3o atual da jornada com a que foi realizada durante a Constitui\u00e7\u00e3o de 1988, alegando que a economia mudou muito nesses 40 anos.&nbsp;<\/p>\n\n\n\n<blockquote class=\"wp-block-quote is-layout-flow wp-block-quote-is-layout-flow\">\n<p>\u201cA economia era mais fechada, n\u00e3o tinha globaliza\u00e7\u00e3o como tem hoje, n\u00e3o tinha o com\u00e9rcio eletr\u00f4nico de hoje. Era mais f\u00e1cil absorver os custos com uma infla\u00e7\u00e3o elevad\u00edssima como a daquela \u00e9poca\u201d, rebate Azevedo.&nbsp;<\/p>\n<\/blockquote>\n\n\n\n<p><strong><em>Fonte: Ag\u00eancia Brasil<\/em><\/strong><\/p>\n","protected":false},"excerpt":{"rendered":"<p>As propostas de redu\u00e7\u00e3o da jornada de trabalho no Brasil, em tramita\u00e7\u00e3o no Congresso Nacional,&nbsp;t\u00eam mobilizado pesquisadores sobre os poss\u00edveis<\/p>\n","protected":false},"author":1,"featured_media":12234,"comment_status":"open","ping_status":"open","sticky":false,"template":"","format":"standard","meta":{"footnotes":""},"categories":[2],"tags":[],"class_list":["post-12233","post","type-post","status-publish","format-standard","has-post-thumbnail","hentry","category-noticias"],"_links":{"self":[{"href":"https:\/\/jornaloalvorada.com.br\/site\/wp-json\/wp\/v2\/posts\/12233","targetHints":{"allow":["GET"]}}],"collection":[{"href":"https:\/\/jornaloalvorada.com.br\/site\/wp-json\/wp\/v2\/posts"}],"about":[{"href":"https:\/\/jornaloalvorada.com.br\/site\/wp-json\/wp\/v2\/types\/post"}],"author":[{"embeddable":true,"href":"https:\/\/jornaloalvorada.com.br\/site\/wp-json\/wp\/v2\/users\/1"}],"replies":[{"embeddable":true,"href":"https:\/\/jornaloalvorada.com.br\/site\/wp-json\/wp\/v2\/comments?post=12233"}],"version-history":[{"count":1,"href":"https:\/\/jornaloalvorada.com.br\/site\/wp-json\/wp\/v2\/posts\/12233\/revisions"}],"predecessor-version":[{"id":12235,"href":"https:\/\/jornaloalvorada.com.br\/site\/wp-json\/wp\/v2\/posts\/12233\/revisions\/12235"}],"wp:featuredmedia":[{"embeddable":true,"href":"https:\/\/jornaloalvorada.com.br\/site\/wp-json\/wp\/v2\/media\/12234"}],"wp:attachment":[{"href":"https:\/\/jornaloalvorada.com.br\/site\/wp-json\/wp\/v2\/media?parent=12233"}],"wp:term":[{"taxonomy":"category","embeddable":true,"href":"https:\/\/jornaloalvorada.com.br\/site\/wp-json\/wp\/v2\/categories?post=12233"},{"taxonomy":"post_tag","embeddable":true,"href":"https:\/\/jornaloalvorada.com.br\/site\/wp-json\/wp\/v2\/tags?post=12233"}],"curies":[{"name":"wp","href":"https:\/\/api.w.org\/{rel}","templated":true}]}}