{"id":11877,"date":"2026-01-05T11:04:23","date_gmt":"2026-01-05T15:04:23","guid":{"rendered":"https:\/\/jornaloalvorada.com.br\/site\/?p=11877"},"modified":"2026-01-05T11:04:24","modified_gmt":"2026-01-05T15:04:24","slug":"ipva-2026-prazo-para-pagamento-a-vista-com-15-de-desconto-vence-nesta-segunda-feira","status":"publish","type":"post","link":"https:\/\/jornaloalvorada.com.br\/site\/2026\/01\/05\/ipva-2026-prazo-para-pagamento-a-vista-com-15-de-desconto-vence-nesta-segunda-feira\/","title":{"rendered":"IPVA 2026: prazo para pagamento \u00e0 vista com 15% de desconto vence nesta segunda-feira"},"content":{"rendered":"\n<p>Os propriet\u00e1rios de ve\u00edculos de Mato Grosso do Sul devem ficar atentos ao calend\u00e1rio do IPVA 2026. Nesta segunda-feira (5), vence o prazo para o pagamento \u00e0 vista do imposto com 15% de desconto, um dos maiores benef\u00edcios concedidos no pa\u00eds e que coloca o Estado entre os que mais estimulam a quita\u00e7\u00e3o antecipada do tributo.<\/p>\n\n\n\n<p>Mantido pelo Governo do Estado, o desconto supera a m\u00e9dia nacional, que varia entre 3% e 10%, e reflete uma pol\u00edtica fiscal consistente, que valoriza o contribuinte adimplente, gera economia imediata para as fam\u00edlias e contribui para a redu\u00e7\u00e3o da inadimpl\u00eancia.<\/p>\n\n\n\n<p>Os boletos do IPVA come\u00e7aram a ser distribu\u00eddos pelos Correios em dezembro e tamb\u00e9m podem ser acessados de forma pr\u00e1tica e segura pelo portal da Secretaria de Estado de Fazenda (<a href=\"http:\/\/www.sefaz.ms.gov.br\">www.sefaz.ms.gov.br<\/a>). Ao todo, cerca de <strong>870 mil ve\u00edculos<\/strong> est\u00e3o inclu\u00eddos na base de cobran\u00e7a deste exerc\u00edcio.<\/p>\n\n\n\n<p>Para quem optar pelo parcelamento, o imposto poder\u00e1 ser dividido em at\u00e9 cinco parcelas. A primeira parcela vence em 31 de janeiro, com as demais programadas para os meses seguintes. O valor m\u00ednimo \u00e9 de R$ 30,00 para motocicletas e R$ 55,00 para os demais ve\u00edculos, garantindo flexibilidade ao contribuinte.<\/p>\n\n\n\n<p>Al\u00e9m do desconto expressivo para pagamento \u00e0 vista, Mato Grosso do Sul mant\u00e9m uma das pol\u00edticas de isen\u00e7\u00f5es e benef\u00edcios mais amplas do Brasil. Est\u00e3o contemplados, entre outros, ve\u00edculos oficiais, entidades sociais, autarquias, funda\u00e7\u00f5es e templos religiosos; tratores e m\u00e1quinas agr\u00edcolas; aeronaves de uso agr\u00edcola; embarca\u00e7\u00f5es de pescadores profissionais; t\u00e1xis, motot\u00e1xis, ambul\u00e2ncias, ve\u00edculos de bombeiros e diplom\u00e1ticos, al\u00e9m de ve\u00edculos com mais de 15 anos de fabrica\u00e7\u00e3o.<\/p>\n\n\n\n<p>Pessoas com Defici\u00eancia (PCD) contam com redu\u00e7\u00e3o de 60%, enquanto frotistas com 30 ou mais ve\u00edculos t\u00eam al\u00edquotas diferenciadas. H\u00e1 ainda isen\u00e7\u00e3o total para ve\u00edculos movidos a GNV, como incentivo \u00e0 sustentabilidade, e n\u00e3o incid\u00eancia do imposto em casos de furto, roubo ou perda total.<\/p>\n\n\n\n<p>O Estado tamb\u00e9m preserva condi\u00e7\u00f5es especiais para o setor produtivo. Por meio de decreto espec\u00edfico, seguem mantidas as redu\u00e7\u00f5es de al\u00edquotas para ve\u00edculos de carga, transporte coletivo e utilit\u00e1rios, com redu\u00e7\u00e3o de at\u00e9 50% na base de c\u00e1lculo para caminh\u00f5es, \u00f4nibus e motorhomes, assegurando competitividade e equil\u00edbrio econ\u00f4mico.<\/p>\n\n\n\n<p><em>Michel Faustino &#8211; Comunica\u00e7\u00e3o Sefaz<\/em><\/p>\n","protected":false},"excerpt":{"rendered":"<p>Os propriet\u00e1rios de ve\u00edculos de Mato Grosso do Sul devem ficar atentos ao calend\u00e1rio do IPVA 2026. Nesta segunda-feira (5),<\/p>\n","protected":false},"author":1,"featured_media":11878,"comment_status":"open","ping_status":"open","sticky":false,"template":"","format":"standard","meta":{"footnotes":""},"categories":[2],"tags":[],"class_list":["post-11877","post","type-post","status-publish","format-standard","has-post-thumbnail","hentry","category-noticias"],"_links":{"self":[{"href":"https:\/\/jornaloalvorada.com.br\/site\/wp-json\/wp\/v2\/posts\/11877","targetHints":{"allow":["GET"]}}],"collection":[{"href":"https:\/\/jornaloalvorada.com.br\/site\/wp-json\/wp\/v2\/posts"}],"about":[{"href":"https:\/\/jornaloalvorada.com.br\/site\/wp-json\/wp\/v2\/types\/post"}],"author":[{"embeddable":true,"href":"https:\/\/jornaloalvorada.com.br\/site\/wp-json\/wp\/v2\/users\/1"}],"replies":[{"embeddable":true,"href":"https:\/\/jornaloalvorada.com.br\/site\/wp-json\/wp\/v2\/comments?post=11877"}],"version-history":[{"count":1,"href":"https:\/\/jornaloalvorada.com.br\/site\/wp-json\/wp\/v2\/posts\/11877\/revisions"}],"predecessor-version":[{"id":11879,"href":"https:\/\/jornaloalvorada.com.br\/site\/wp-json\/wp\/v2\/posts\/11877\/revisions\/11879"}],"wp:featuredmedia":[{"embeddable":true,"href":"https:\/\/jornaloalvorada.com.br\/site\/wp-json\/wp\/v2\/media\/11878"}],"wp:attachment":[{"href":"https:\/\/jornaloalvorada.com.br\/site\/wp-json\/wp\/v2\/media?parent=11877"}],"wp:term":[{"taxonomy":"category","embeddable":true,"href":"https:\/\/jornaloalvorada.com.br\/site\/wp-json\/wp\/v2\/categories?post=11877"},{"taxonomy":"post_tag","embeddable":true,"href":"https:\/\/jornaloalvorada.com.br\/site\/wp-json\/wp\/v2\/tags?post=11877"}],"curies":[{"name":"wp","href":"https:\/\/api.w.org\/{rel}","templated":true}]}}