{"id":11874,"date":"2026-01-05T11:02:49","date_gmt":"2026-01-05T15:02:49","guid":{"rendered":"https:\/\/jornaloalvorada.com.br\/site\/?p=11874"},"modified":"2026-01-05T11:02:50","modified_gmt":"2026-01-05T15:02:50","slug":"matricula-digital-2026-periodo-de-efetivacao-das-matriculas-comeca-nesta-segunda","status":"publish","type":"post","link":"https:\/\/jornaloalvorada.com.br\/site\/2026\/01\/05\/matricula-digital-2026-periodo-de-efetivacao-das-matriculas-comeca-nesta-segunda\/","title":{"rendered":"Matr\u00edcula Digital 2026: Per\u00edodo de efetiva\u00e7\u00e3o das matr\u00edculas come\u00e7a nesta segunda"},"content":{"rendered":"\n<p>A partir desta segunda (05) os estudantes designados para as 352 unidades escolares da REE (Rede Estadual de Ensino) podem realizar a efetiva\u00e7\u00e3o das matr\u00edculas. A etapa faz parte do calend\u00e1rio da Matr\u00edcula Digital 2026 e pode ser feita de forma virtual, pelo portal <a href=\"http:\/\/www.matriculadigital.ms.gov.br\">www.matriculadigital.ms.gov.br<\/a> ou de forma presencial nas escolas designadas, at\u00e9 sexta-feira (09.01).<\/p>\n\n\n\n<p>A semana tamb\u00e9m marca a abertura da segunda etapa de pr\u00e9-matr\u00edculas na Rede Estadual, para aqueles que n\u00e3o conseguiram preencher os dados dentro do prazo previsto na primeira etapa. Entre os dias 05 e 09 de janeiro os interessados poder\u00e3o acessar o portal da Matr\u00edcula Digital para garantir as vagas de forma 100% virtual.<\/p>\n\n\n\n<p>\u201cNeste per\u00edodo, para efetiva\u00e7\u00e3o das matr\u00edculas e preenchimento dos formul\u00e1rios para a pr\u00e9-matr\u00edcula, os pais e respons\u00e1veis podem realizar todo o processo de modo online. Se necess\u00e1rio, \u00e9 poss\u00edvel entrar em contato por telefone ou ir at\u00e9 a unidade escolar de forma presencial. Importante refor\u00e7ar que n\u00e3o h\u00e1 necessidade de formar filas, uma vez que as etapas podem ser realizadas virtualmente e nossas escolas est\u00e3o prontas para dar agilidade aos atendimentos para aqueles que n\u00e3o puderem preencher os dados via internet\u201d, disse o secret\u00e1rio de Estado de Educa\u00e7\u00e3o, H\u00e9lio Daher.<\/p>\n\n\n\n<p><strong>Atendimento<\/strong><\/p>\n\n\n\n<p>Em caso de eventuais d\u00favidas, o contato por telefone \u00e9 pelo n\u00famero 0800-647-0028 (telefone fixo) ou 3314-1212 (telefone celular). No endere\u00e7o virtual da Matr\u00edcula Digital a SED tamb\u00e9m disponibiliza outros n\u00fameros para contato.<\/p>\n\n\n\n<p>Para o atendimento presencial, em Campo Grande, o local \u00e9 a Central de Matr\u00edculas, localizada na rua Joaquim Murtinho, 2612 \u2013 Itanhang\u00e1 Park. O funcionamento \u00e9 de segunda a sexta-feira, das 7h30 \u00e0s 11h30 e das 13h30 \u00e0s 17h30.<\/p>\n\n\n\n<p>Para o atendimento presencial nas demais regi\u00f5es do Estado, os interessados tamb\u00e9m podem procurar pela unidade escolar da Rede Estadual de Ensino mais pr\u00f3xima.<\/p>\n\n\n\n<p><strong>Volta \u00e0s Aulas<\/strong><\/p>\n\n\n\n<p>Conforme calend\u00e1rio escolar, dispon\u00edvel para consulta no site da SED, o retorno dos profissionais da Rede Estadual de Ensino ser\u00e1 no dia 02 de fevereiro, para o per\u00edodo de Jornada Formativa.<\/p>\n\n\n\n<p>O retorno dos estudantes, para o in\u00edcio das aulas, ser\u00e1 no dia 09 de fevereiro.<\/p>\n\n\n\n<p><strong><em>Comunica\u00e7\u00e3o SED<\/em><br><em>Foto: Bruno Rezende\/Arquivo<\/em><\/strong><\/p>\n","protected":false},"excerpt":{"rendered":"<p>A partir desta segunda (05) os estudantes designados para as 352 unidades escolares da REE (Rede Estadual de Ensino) podem<\/p>\n","protected":false},"author":1,"featured_media":11875,"comment_status":"open","ping_status":"open","sticky":false,"template":"","format":"standard","meta":{"footnotes":""},"categories":[2],"tags":[],"class_list":["post-11874","post","type-post","status-publish","format-standard","has-post-thumbnail","hentry","category-noticias"],"_links":{"self":[{"href":"https:\/\/jornaloalvorada.com.br\/site\/wp-json\/wp\/v2\/posts\/11874","targetHints":{"allow":["GET"]}}],"collection":[{"href":"https:\/\/jornaloalvorada.com.br\/site\/wp-json\/wp\/v2\/posts"}],"about":[{"href":"https:\/\/jornaloalvorada.com.br\/site\/wp-json\/wp\/v2\/types\/post"}],"author":[{"embeddable":true,"href":"https:\/\/jornaloalvorada.com.br\/site\/wp-json\/wp\/v2\/users\/1"}],"replies":[{"embeddable":true,"href":"https:\/\/jornaloalvorada.com.br\/site\/wp-json\/wp\/v2\/comments?post=11874"}],"version-history":[{"count":1,"href":"https:\/\/jornaloalvorada.com.br\/site\/wp-json\/wp\/v2\/posts\/11874\/revisions"}],"predecessor-version":[{"id":11876,"href":"https:\/\/jornaloalvorada.com.br\/site\/wp-json\/wp\/v2\/posts\/11874\/revisions\/11876"}],"wp:featuredmedia":[{"embeddable":true,"href":"https:\/\/jornaloalvorada.com.br\/site\/wp-json\/wp\/v2\/media\/11875"}],"wp:attachment":[{"href":"https:\/\/jornaloalvorada.com.br\/site\/wp-json\/wp\/v2\/media?parent=11874"}],"wp:term":[{"taxonomy":"category","embeddable":true,"href":"https:\/\/jornaloalvorada.com.br\/site\/wp-json\/wp\/v2\/categories?post=11874"},{"taxonomy":"post_tag","embeddable":true,"href":"https:\/\/jornaloalvorada.com.br\/site\/wp-json\/wp\/v2\/tags?post=11874"}],"curies":[{"name":"wp","href":"https:\/\/api.w.org\/{rel}","templated":true}]}}