{"id":11871,"date":"2026-01-05T10:19:42","date_gmt":"2026-01-05T14:19:42","guid":{"rendered":"https:\/\/jornaloalvorada.com.br\/site\/?p=11871"},"modified":"2026-01-05T10:19:43","modified_gmt":"2026-01-05T14:19:43","slug":"maduro-comparece-a-tribunal-em-ny-apos-captura-por-tropas-americanas","status":"publish","type":"post","link":"https:\/\/jornaloalvorada.com.br\/site\/2026\/01\/05\/maduro-comparece-a-tribunal-em-ny-apos-captura-por-tropas-americanas\/","title":{"rendered":"Maduro comparece a tribunal em NY ap\u00f3s captura por tropas americanas"},"content":{"rendered":"\n<p>O presidente deposto da <a href=\"http:\/\/jovempan.com.br\/tag\/venezuela\"><strong>Venezuela<\/strong><\/a>, <a href=\"http:\/\/jovempan.com.br\/tag\/nicolas-maduro\"><strong>Nicol\u00e1s Maduro<\/strong><\/a>, compareceu a um tribunal de Nova York nesta segunda-feira (5), dois dias ap\u00f3s sua captura em Caracas em uma ousada opera\u00e7\u00e3o militar dos <a href=\"http:\/\/jovempan.com.br\/tag\/estados-unidos\"><strong>Estados Unidos<\/strong><\/a>, que alegam estar \u201cno comando\u201d do pa\u00eds.<\/p>\n\n\n\n<p>Maduro, de 63 anos, \u00e9 acusado de tr\u00e1fico de coca\u00edna para os Estados Unidos, assim como sua esposa, Cilia Flores. Ambos foram retirados \u00e0 for\u00e7a de Caracas durante intensos ataques militares dos EUA no s\u00e1bado (3), que inclu\u00edram comandos terrestres, bombardeios de ca\u00e7as e uma enorme for\u00e7a naval.<\/p>\n\n\n\n<p>Detido em uma pris\u00e3o do Brooklyn, Maduro ser\u00e1 apresentado a um juiz \u00e0s 12h, hor\u00e1rio local (14h00 no hor\u00e1rio de Bras\u00edlia). A nova acusa\u00e7\u00e3o tamb\u00e9m inclui seu filho, \u201cNicolasito\u201d, o ministro do Interior venezuelano, Diosdado Cabello, e um traficante de drogas foragido.<\/p>\n\n\n\n<p>O presidente americano, <a href=\"http:\/\/jovempan.com.br\/tag\/donald-trump\"><strong>Donald Trump<\/strong><\/a>, insistiu no domingo (4) que os Estados Unidos est\u00e3o \u201cno comando\u201d da Venezuela e que est\u00e1 discutindo os pr\u00f3ximos passos com as novas autoridades venezuelanas, lideradas pela presidente interina, Delcy Rodr\u00edguez.<\/p>\n\n\n\n<p>A nova l\u00edder, ex-vice-presidente de Maduro, afirmou na noite de domingo que estava pronta para cooperar com o governo de Trump e defendeu uma rela\u00e7\u00e3o equilibrada e respeitosa com os Estados Unidos.<\/p>\n\n\n\n<p>\u201cEstendemos o convite ao governo dos Estados Unidos para trabalharmos juntos em uma agenda de coopera\u00e7\u00e3o voltada para o desenvolvimento compartilhado\u201d, disse Rodr\u00edguez ap\u00f3s presidir a primeira reuni\u00e3o de gabinete desde a deposi\u00e7\u00e3o de Maduro.<\/p>\n\n\n\n<p>O governo Trump afirma estar disposto a trabalhar com o restante do governo Maduro, desde que os objetivos de Washington sejam atendidos, principalmente a abertura do acesso de investimentos americanos \u00e0s vastas reservas de petr\u00f3leo da Venezuela, as maiores do mundo.<\/p>\n\n\n\n<p>\u201cN\u00e3o me perguntem quem est\u00e1 no comando, porque vou dar uma resposta muito pol\u00eamica\u201d, disse Trump a rep\u00f3rteres a bordo do Air Force One, quando questionado se havia conversado com Rodr\u00edguez.<\/p>\n\n\n\n<p>Ao ser solicitado a esclarecer o que queria dizer, Trump respondeu: \u201cSignifica que n\u00f3s estamos no comando\u201d.<\/p>\n\n\n\n<h3 class=\"wp-block-heading\"><strong>Dezenas de mortos<\/strong><\/h3>\n\n\n\n<p>O Ex\u00e9rcito venezuelano reconheceu Rodr\u00edguez como presidente interina.<\/p>\n\n\n\n<p>Nas ruas de Caracas, os opositores permanecem em sil\u00eancio por medo de repres\u00e1lias e os protestos pr\u00f3-Maduro t\u00eam sido pequenos.<\/p>\n\n\n\n<p>Cerca de 2.000 apoiadores de Maduro marcharam no domingo para exigir sua liberta\u00e7\u00e3o, acompanhados por um grupo de paramilitares e motociclistas. \u201cLibertem nosso presidente\u201d, \u201cO imp\u00e9rio os sequestrou\u201d e \u201cA Venezuela n\u00e3o \u00e9 col\u00f4nia de ningu\u00e9m\u201d estavam entre os slogans em seus cartazes.<\/p>\n\n\n\n<p>Os hospitais venezuelanos se recusaram a divulgar informa\u00e7\u00f5es sobre mortes nos ataques dos Estados Unidos. Uma organiza\u00e7\u00e3o que representa m\u00e9dicos na Venezuela relatou \u00e0 <strong>AFP<\/strong> cerca de 70 mortos e 90 feridos, enquanto uma fonte militar afirmou que o n\u00famero de mortos era de pelo menos 15.<\/p>\n\n\n\n<p>Havana afirmou que 32 cubanos morreram no ataque dos EUA; Trump alegou que \u201cmuitos cubanos\u201d que eram membros da equipe de seguran\u00e7a de Maduro morreram na opera\u00e7\u00e3o.<\/p>\n\n\n\n<p>O opositor venezuelano Edmundo Gonz\u00e1lez Urrutia declarou no domingo, em seu ex\u00edlio na Espanha, que a captura de Maduro \u201c\u00e9 um passo importante\u201d rumo \u00e0 normaliza\u00e7\u00e3o da Venezuela, \u201cmas n\u00e3o o suficiente\u201d.&nbsp;Ele pediu respeito aos resultados das elei\u00e7\u00f5es de 2024, que alega ter vencido, e a liberta\u00e7\u00e3o de todos os presos pol\u00edticos para garantir uma \u201ctransi\u00e7\u00e3o democr\u00e1tica\u201d.<\/p>\n\n\n\n<p>A Uni\u00e3o Europeia declarou nesta segunda-feira que a transi\u00e7\u00e3o na Venezuela \u201cdeve incluir\u201d a principal l\u00edder da oposi\u00e7\u00e3o Mar\u00eda Corina Machado, recente ganhadora do Nobel da Paz, e a quem Trump descartou do processo de transi\u00e7\u00e3o.<\/p>\n\n\n\n<h3 class=\"wp-block-heading\"><strong>Amea\u00e7as a Col\u00f4mbia e Cuba<\/strong><\/h3>\n\n\n\n<p>Trump ainda n\u00e3o se pronunciou sobre a democracia na Venezuela e afirmou que as elei\u00e7\u00f5es ter\u00e3o que esperar.&nbsp;\u201cVamos governar, consertar, vamos realizar elei\u00e7\u00f5es no momento certo, mas o principal \u00e9 que precisamos consertar um pa\u00eds falido\u201d, declarou.<\/p>\n\n\n\n<p>Ele lan\u00e7ou duras cr\u00edticas contra outros advers\u00e1rios, como o presidente de esquerda da <a href=\"http:\/\/jovempan.com.br\/tag\/colombia\"><strong>Col\u00f4mbia<\/strong><\/a>, <a href=\"http:\/\/jovempan.com.br\/tag\/gustavo-petro\"><strong>Gustavo Petro<\/strong><\/a>, dizendo que \u201cele n\u00e3o ser\u00e1 presidente por muito tempo\u201d. Acusou-o, sem provas, de ser traficante de drogas.<\/p>\n\n\n\n<p>Tamb\u00e9m afirmou que o governo comunista de Cuba \u201cest\u00e1 prestes a cair\u201d e que a lideran\u00e7a do Ir\u00e3 ser\u00e1 \u201cduramente atingida\u201d se matar mais manifestantes.<\/p>\n\n\n\n<p>Os Estados Unidos mant\u00eam uma poderosa for\u00e7a naval no Caribe, que liderou a incurs\u00e3o na Venezuela e tamb\u00e9m \u00e9 respons\u00e1vel por impedir que petroleiros sob san\u00e7\u00f5es possam explorar o petr\u00f3leo da Venezuela.<\/p>\n\n\n\n<p>Um funcion\u00e1rio americano disse \u00e0 <strong>AFP<\/strong> que o secret\u00e1rio de Estado, <a href=\"http:\/\/jovempan.com.br\/tag\/marco-rubio\"><strong>Marco Rubio<\/strong><\/a>, discutir\u00e1 a quest\u00e3o da Venezuela em reuni\u00f5es no Capit\u00f3lio nesta segunda-feira.<\/p>\n\n\n\n<h3 class=\"wp-block-heading\"><strong>Reuni\u00e3o do Conselho de Seguran\u00e7a da ONU<\/strong><\/h3>\n\n\n\n<p>Apesar do sucesso inicial da opera\u00e7\u00e3o dos Estados Unidos, muitas d\u00favidas permanecem sobre a estrat\u00e9gia de Trump em rela\u00e7\u00e3o \u00e0 Venezuela.<\/p>\n\n\n\n<p>O Conselho de Seguran\u00e7a da <a href=\"http:\/\/jovempan.com.br\/tag\/onu\"><strong>ONU<\/strong><\/a> se re\u00fane em sess\u00e3o de emerg\u00eancia nesta segunda-feira, a pedido de Caracas. Aliados e advers\u00e1rios dos Estados Unidos expressaram sua preocupa\u00e7\u00e3o e podem usar as Na\u00e7\u00f5es Unidas como plataforma para manifestar sua oposi\u00e7\u00e3o.<\/p>\n\n\n\n<p>Pot\u00eancias com fortes la\u00e7os com a Venezuela, como China e R\u00fassia, condenaram rapidamente o ataque dos EUA. Na Am\u00e9rica Latina, os governos de Brasil, Chile, Col\u00f4mbia, M\u00e9xico e Uruguai rejeitaram \u201cqualquer tentativa de controle\u201d sobre a Venezuela.<\/p>\n\n\n\n<p>Maduro, que se define como socialista, governou a Venezuela com m\u00e3o de ferro por mais de uma d\u00e9cada, por meio de uma s\u00e9rie de elei\u00e7\u00f5es consideradas fraudulentas. Ele chegou ao poder em 2013, ap\u00f3s a morte de seu mentor <a href=\"http:\/\/jovempan.com.br\/tag\/hugo-chavez\"><strong>Hugo Ch\u00e1vez<\/strong><\/a>.<\/p>\n\n\n\n<p><strong><em>Fonte: Jovem Pan<\/em><\/strong><\/p>\n","protected":false},"excerpt":{"rendered":"<p>O presidente deposto da Venezuela, Nicol\u00e1s Maduro, compareceu a um tribunal de Nova York nesta segunda-feira (5), dois dias ap\u00f3s<\/p>\n","protected":false},"author":1,"featured_media":11872,"comment_status":"open","ping_status":"open","sticky":false,"template":"","format":"standard","meta":{"footnotes":""},"categories":[2],"tags":[],"class_list":["post-11871","post","type-post","status-publish","format-standard","has-post-thumbnail","hentry","category-noticias"],"_links":{"self":[{"href":"https:\/\/jornaloalvorada.com.br\/site\/wp-json\/wp\/v2\/posts\/11871","targetHints":{"allow":["GET"]}}],"collection":[{"href":"https:\/\/jornaloalvorada.com.br\/site\/wp-json\/wp\/v2\/posts"}],"about":[{"href":"https:\/\/jornaloalvorada.com.br\/site\/wp-json\/wp\/v2\/types\/post"}],"author":[{"embeddable":true,"href":"https:\/\/jornaloalvorada.com.br\/site\/wp-json\/wp\/v2\/users\/1"}],"replies":[{"embeddable":true,"href":"https:\/\/jornaloalvorada.com.br\/site\/wp-json\/wp\/v2\/comments?post=11871"}],"version-history":[{"count":1,"href":"https:\/\/jornaloalvorada.com.br\/site\/wp-json\/wp\/v2\/posts\/11871\/revisions"}],"predecessor-version":[{"id":11873,"href":"https:\/\/jornaloalvorada.com.br\/site\/wp-json\/wp\/v2\/posts\/11871\/revisions\/11873"}],"wp:featuredmedia":[{"embeddable":true,"href":"https:\/\/jornaloalvorada.com.br\/site\/wp-json\/wp\/v2\/media\/11872"}],"wp:attachment":[{"href":"https:\/\/jornaloalvorada.com.br\/site\/wp-json\/wp\/v2\/media?parent=11871"}],"wp:term":[{"taxonomy":"category","embeddable":true,"href":"https:\/\/jornaloalvorada.com.br\/site\/wp-json\/wp\/v2\/categories?post=11871"},{"taxonomy":"post_tag","embeddable":true,"href":"https:\/\/jornaloalvorada.com.br\/site\/wp-json\/wp\/v2\/tags?post=11871"}],"curies":[{"name":"wp","href":"https:\/\/api.w.org\/{rel}","templated":true}]}}