{"id":11857,"date":"2025-12-18T08:47:00","date_gmt":"2025-12-18T12:47:00","guid":{"rendered":"https:\/\/jornaloalvorada.com.br\/site\/?p=11857"},"modified":"2025-12-18T08:47:01","modified_gmt":"2025-12-18T12:47:01","slug":"justica-condena-neno-razuk-a-15-anos-de-prisao-por-liderar-jogo-do-bicho-em-ms","status":"publish","type":"post","link":"https:\/\/jornaloalvorada.com.br\/site\/2025\/12\/18\/justica-condena-neno-razuk-a-15-anos-de-prisao-por-liderar-jogo-do-bicho-em-ms\/","title":{"rendered":"Justi\u00e7a condena Neno Razuk a 15 anos de pris\u00e3o por liderar jogo do bicho em MS"},"content":{"rendered":"\n<p>O TJMS (Tribunal de Justi\u00e7a de Mato Grosso do Sul) condenou o deputado estadual Roberto Razuk Filho, o Neno Razuk (PL), a mais de 15 anos de pris\u00e3o. O parlamentar responde \u00e0 a\u00e7\u00e3o sobre esquema de jogo do bicho em Mato Grosso do Sul. Outras 11 pessoas tamb\u00e9m foram condenadas.<\/p>\n\n\n\n<p>A decis\u00e3o \u00e9 da 4\u00aa Vara Criminal de Campo Grande. O juiz Jos\u00e9 Henrique Kaster Franco assina a senten\u00e7a.<\/p>\n\n\n\n<p>Ao deputado, foram atribu\u00eddos os crimes de forma\u00e7\u00e3o de organiza\u00e7\u00e3o criminosa armada, explora\u00e7\u00e3o de jogos do bicho e roubos. <em>&#8220;Nenhum desses delitos t\u00eam a mais remota liga\u00e7\u00e3o com o exerc\u00edcio das atribui\u00e7\u00f5es constitucionais esperadas e exig\u00edveis de um deputado estadual&#8221;<\/em>, destacou o magistrado.<\/p>\n\n\n\n<h2 class=\"wp-block-heading\" id=\"h-apelacao-em-liberdade\">Apela\u00e7\u00e3o em liberdade<\/h2>\n\n\n\n<p>Neno est\u00e1 no segundo mandato da Alems (Assembleia Legislativa de Mato Grosso do Sul). &#8220;N\u00e3o h\u00e1 nexo entre o exerc\u00edcio do cargo e os delitos a ele atribu\u00eddos&#8221;, refor\u00e7ou o juiz.<\/p>\n\n\n\n<p>Franco ainda pontuou a necessidade da condena\u00e7\u00e3o.&nbsp;<em>&#8220;N\u00e3o cabe aqui, em outras palavras, proteger a pessoa do r\u00e9u em face do livre exerc\u00edcio do cargo, mas justamente o contr\u00e1rio, proteger o exerc\u00edcio do m\u00fanus p\u00fablico dos crimes tributados a ele&#8221;<\/em>, diz a decis\u00e3o.<\/p>\n\n\n\n<p>Assim, segundo o juiz, o deputado poder\u00e1 apelar em liberdade. O&nbsp;Jornal Midiamax&nbsp;acionou a assessoria do parlamentar, bem como o advogado de defesa. No entanto, n\u00e3o houve retorno at\u00e9 a publica\u00e7\u00e3o da mat\u00e9ria.<\/p>\n\n\n\n<h2 class=\"wp-block-heading\" id=\"h-demais-implicados\">Demais implicados<\/h2>\n\n\n\n<p>Al\u00e9m disso, a Justi\u00e7a concedeu o mesmo direito de apela\u00e7\u00e3o em liberdade a tr\u00eas outros condenados. S\u00e3o eles: Diogo Francisco, Edilson Rodrigues Ferreira, Julio Cezar Ferreira dos Santos e Valnir Queiroz Martinelli.<\/p>\n\n\n\n<p>Jos\u00e9 Eduardo Abdulahad, apesar da condena\u00e7\u00e3o em regime fechado, permanecer\u00e1 em casa com monitoramento eletr\u00f4nico. O recolhimento domiciliar ocorre devido ao estado de sa\u00fade do r\u00e9u.<\/p>\n\n\n\n<p>Tr\u00eas pessoas foram absolvidas com a decis\u00e3o e ter\u00e3o os mandados de pris\u00e3o revogados: Tiano Waldenor de Moraes, Diego de Sousa Nunes e Luiz Paulo Bernardes Braga.<\/p>\n\n\n\n<p>Confira a lista completa de r\u00e9us condenados e as penas aplicadas:<\/p>\n\n\n\n<ul class=\"wp-block-list\">\n<li>Roberto Razuk Filho:\u00a015 anos, 7 meses e 15 dias de reclus\u00e3o; 5 meses de deten\u00e7\u00e3o; 559 dias-multa.<\/li>\n\n\n\n<li>Gilberto Luis dos Santos:\u00a016 anos, 4 meses e 29 dias de reclus\u00e3o; 6 meses de deten\u00e7\u00e3o; 661 dias-multa.<\/li>\n\n\n\n<li>Manoel Jos\u00e9 Ribeiro:\u00a013 anos, 7 meses e 1 dia de reclus\u00e3o; 5 meses de deten\u00e7\u00e3o; 465 dias-multa.<\/li>\n\n\n\n<li>Carlito Gon\u00e7alves Miranda:\u00a010 anos, 9 meses e 24 dias de reclus\u00e3o; 360 dias-multa.<\/li>\n\n\n\n<li>Jos\u00e9 Eduardo Abdulahad:\u00a04 anos e 1 m\u00eas de reclus\u00e3o; 4 meses de deten\u00e7\u00e3o; 95 dias-multa.<\/li>\n\n\n\n<li>Edilson Rodrigues Ferreira:\u00a03 anos e 6 meses de reclus\u00e3o; 4 meses de deten\u00e7\u00e3o; 55 dias-multa.<\/li>\n\n\n\n<li>Diogo Francisco:\u00a03 anos e 6 meses de reclus\u00e3o; 4 meses de deten\u00e7\u00e3o; 55 dias-multa.<\/li>\n\n\n\n<li>Valnir Queiroz Martinelli:\u00a03 anos e 6 meses de reclus\u00e3o; 4 meses de deten\u00e7\u00e3o; 55 dias-multa.<\/li>\n\n\n\n<li>Wilson Souza Goulart:\u00a04 anos, 2 meses e 22 dias de reclus\u00e3o; 5 meses de deten\u00e7\u00e3o; 146 dias-multa.<\/li>\n\n\n\n<li>Julio Cezar Ferreira dos Santos:\u00a03 anos e 6 meses de reclus\u00e3o; 4 meses de deten\u00e7\u00e3o; 55 dias-multa.<\/li>\n\n\n\n<li>Taygor Ivan Moretto Pelissari:\u00a04 anos, 11 meses e 15 dias de reclus\u00e3o; 6 meses de deten\u00e7\u00e3o; 243 dias-multa.<\/li>\n\n\n\n<li>Mateus Aquino Junior:\u00a011 anos e 7 meses de reclus\u00e3o; 4 meses de deten\u00e7\u00e3o; 298 dias-multa.<\/li>\n<\/ul>\n\n\n\n<h2 class=\"wp-block-heading\" id=\"h-neno-e-apontado-como-lider\">Neno \u00e9 apontado como l\u00edder<\/h2>\n\n\n\n<p><a href=\"https:\/\/midiamax.com.br\/politica\/transparencia\/2025\/jogo-bicho-ms-gaeco-aponta-roberto-razuk-chefe-neno-lider-operacional\/?utm_source=midianas.com.br&amp;utm_medium=referral&amp;utm_content=portal_primenews&amp;utm_campaign=hotfixpress\" target=\"_blank\" rel=\"noreferrer noopener\">J\u00e1 Neno \u00e9 apontado pelo Gaeco como o l\u00edder operacional do grupo.<\/a>&nbsp;No entanto, a investiga\u00e7\u00e3o refor\u00e7a que tudo tinha de passar pelo aval do pai, Roberto Razuk.<\/p>\n\n\n\n<p>Em 25 de novembro de 2025, o Gaeco\/MPMS (Grupo de Atua\u00e7\u00e3o Especial de Repress\u00e3o ao&nbsp;Crime Organizado, do Minist\u00e9rio P\u00fablico do Estado de&nbsp;<a href=\"https:\/\/midiamax.com.br\/tag\/mato-grosso-do-sul\/?utm_source=midianas.com.br&amp;utm_medium=referral&amp;utm_content=portal_primenews&amp;utm_campaign=hotfixpress\" target=\"_blank\" rel=\"noreferrer noopener\">Mato Grosso do Sul<\/a>) deflagrou a&nbsp;<a href=\"https:\/\/midiamax.com.br\/politica\/transparencia\/2025\/gaeco-mira-20-alvos-prisao-nova-fase-operacao-desarticular-jogo-bicho\/?utm_source=midianas.com.br&amp;utm_medium=referral&amp;utm_content=portal_primenews&amp;utm_campaign=hotfixpress\" target=\"_blank\" rel=\"noreferrer noopener\">quarta fase da Opera\u00e7\u00e3o Successione<\/a>, contra uma organiza\u00e7\u00e3o criminosa que explora jogos ilegais.<\/p>\n\n\n\n<p>As investiga\u00e7\u00f5es do Gaeco apontam que Roberto Razuk era o chefe do grupo criminoso que explora o jogo do bicho em Mato Grosso do Sul. Preso preventivamente na opera\u00e7\u00e3o, o ex-deputado conseguiu decis\u00e3o na Justi\u00e7a para cumprir em pris\u00e3o domiciliar. Agora,&nbsp;<a href=\"https:\/\/midiamax.com.br\/politica\/2025\/estado-gravissimo-ex-deputado-roberto-razuk-internado-dourados\/?utm_source=midianas.com.br&amp;utm_medium=referral&amp;utm_content=portal_primenews&amp;utm_campaign=hotfixpress\" target=\"_blank\" rel=\"noreferrer noopener\">em estado grav\u00edssimo de sa\u00fade, foi internado.<\/a><\/p>\n\n\n\n<p>Conforme documentos obtidos com exclusividade pelo&nbsp;Jornal Midiamax, o patriarca do cl\u00e3 Razuk \u00e9 quem detinha a decis\u00e3o final sobre as quest\u00f5es mais relevantes do grupo, inclusive estando acima na hierarquia em rela\u00e7\u00e3o ao filho, o deputado estadual Neno Razuk.<\/p>\n\n\n\n<p>O papel de Roberto pai era decidir sobre quest\u00f5es como expans\u00e3o do grupo, investimentos e articula\u00e7\u00f5es importantes.<\/p>\n\n\n\n<p><strong><em>Fonte: Midia Nas<\/em><\/strong><\/p>\n","protected":false},"excerpt":{"rendered":"<p>O TJMS (Tribunal de Justi\u00e7a de Mato Grosso do Sul) condenou o deputado estadual Roberto Razuk Filho, o Neno Razuk<\/p>\n","protected":false},"author":1,"featured_media":11858,"comment_status":"open","ping_status":"open","sticky":false,"template":"","format":"standard","meta":{"footnotes":""},"categories":[2],"tags":[],"class_list":["post-11857","post","type-post","status-publish","format-standard","has-post-thumbnail","hentry","category-noticias"],"_links":{"self":[{"href":"https:\/\/jornaloalvorada.com.br\/site\/wp-json\/wp\/v2\/posts\/11857","targetHints":{"allow":["GET"]}}],"collection":[{"href":"https:\/\/jornaloalvorada.com.br\/site\/wp-json\/wp\/v2\/posts"}],"about":[{"href":"https:\/\/jornaloalvorada.com.br\/site\/wp-json\/wp\/v2\/types\/post"}],"author":[{"embeddable":true,"href":"https:\/\/jornaloalvorada.com.br\/site\/wp-json\/wp\/v2\/users\/1"}],"replies":[{"embeddable":true,"href":"https:\/\/jornaloalvorada.com.br\/site\/wp-json\/wp\/v2\/comments?post=11857"}],"version-history":[{"count":1,"href":"https:\/\/jornaloalvorada.com.br\/site\/wp-json\/wp\/v2\/posts\/11857\/revisions"}],"predecessor-version":[{"id":11859,"href":"https:\/\/jornaloalvorada.com.br\/site\/wp-json\/wp\/v2\/posts\/11857\/revisions\/11859"}],"wp:featuredmedia":[{"embeddable":true,"href":"https:\/\/jornaloalvorada.com.br\/site\/wp-json\/wp\/v2\/media\/11858"}],"wp:attachment":[{"href":"https:\/\/jornaloalvorada.com.br\/site\/wp-json\/wp\/v2\/media?parent=11857"}],"wp:term":[{"taxonomy":"category","embeddable":true,"href":"https:\/\/jornaloalvorada.com.br\/site\/wp-json\/wp\/v2\/categories?post=11857"},{"taxonomy":"post_tag","embeddable":true,"href":"https:\/\/jornaloalvorada.com.br\/site\/wp-json\/wp\/v2\/tags?post=11857"}],"curies":[{"name":"wp","href":"https:\/\/api.w.org\/{rel}","templated":true}]}}