{"id":11851,"date":"2025-12-18T08:42:19","date_gmt":"2025-12-18T12:42:19","guid":{"rendered":"https:\/\/jornaloalvorada.com.br\/site\/?p=11851"},"modified":"2025-12-18T08:44:53","modified_gmt":"2025-12-18T12:44:53","slug":"vereador-nelio-justen-e-eleito-novo-1o-secretario-da-camara-municipal-de-nova-alvorada-do-sul","status":"publish","type":"post","link":"https:\/\/jornaloalvorada.com.br\/site\/2025\/12\/18\/vereador-nelio-justen-e-eleito-novo-1o-secretario-da-camara-municipal-de-nova-alvorada-do-sul\/","title":{"rendered":"Vereador N\u00e9lio Justen \u00e9 eleito novo 1\u00ba secret\u00e1rio da C\u00e2mara Municipal de Nova Alvorada do Sul"},"content":{"rendered":"\n<p>A <strong>C\u00e2mara Municipal de Nova Alvorada do Sul<\/strong> definiu, na ter\u00e7a-feira (16), durante a <strong>44\u00aa Sess\u00e3o Ordin\u00e1ria<\/strong>, por unanimidade, o vereador <strong>N\u00e9lio Dias Justen (PSDB)<\/strong> como o novo <strong>1\u00ba secret\u00e1rio da Mesa Diretora<\/strong>, cargo que estava vago ap\u00f3s a ren\u00fancia da vereadora <strong>Andrea Fim<\/strong>.<\/p>\n\n\n\n<p>N\u00e9lio Justen foi o <strong>\u00fanico vereador a manifestar interesse<\/strong> em ocupar o cargo, apresentando requerimento formal conforme prev\u00ea o Regimento Interno da Casa. Ap\u00f3s aprecia\u00e7\u00e3o em plen\u00e1rio, seu nome foi aprovado para exercer a fun\u00e7\u00e3o no <strong>bi\u00eanio 2025\/2026<\/strong>.<\/p>\n\n\n\n<p>O parlamentar afirmou estar ciente das atribui\u00e7\u00f5es do cargo e reafirmou o compromisso de atuar com responsabilidade, transpar\u00eancia e estrita observ\u00e2ncia \u00e0s normas regimentais.<\/p>\n\n\n\n<p>Com a defini\u00e7\u00e3o, a <strong>Mesa Diretora volta a ter sua composi\u00e7\u00e3o completa<\/strong>, assegurando a continuidade dos trabalhos legislativos e administrativos da C\u00e2mara Municipal.<\/p>\n\n\n\n<p>A elei\u00e7\u00e3o suplementar foi conduzida conforme os <strong>tr\u00e2mites legais e regimentais<\/strong>, garantindo a normalidade institucional do Poder Legislativo de Nova Alvorada do Sul.<\/p>\n\n\n\n<div data-wp-interactive=\"core\/file\" class=\"wp-block-file\"><object data-wp-bind--hidden=\"!state.hasPdfPreview\" hidden class=\"wp-block-file__embed\" data=\"https:\/\/jornaloalvorada.com.br\/site\/wp-content\/uploads\/2025\/12\/2025121608473517658856557f2cb0.pdf\" type=\"application\/pdf\" style=\"width:100%;height:600px\" aria-label=\"Incorporado de 2025121608473517658856557f2cb0.\"><\/object><a id=\"wp-block-file--media-680377ac-d1c3-425b-b749-bc60f6787f54\" href=\"https:\/\/jornaloalvorada.com.br\/site\/wp-content\/uploads\/2025\/12\/2025121608473517658856557f2cb0.pdf\">2025121608473517658856557f2cb0<\/a><a href=\"https:\/\/jornaloalvorada.com.br\/site\/wp-content\/uploads\/2025\/12\/2025121608473517658856557f2cb0.pdf\" class=\"wp-block-file__button wp-element-button\" download aria-describedby=\"wp-block-file--media-680377ac-d1c3-425b-b749-bc60f6787f54\">Baixar<\/a><\/div>\n\n\n\n<p><strong><em>Fonte: Midia Nas<\/em><\/strong><\/p>\n","protected":false},"excerpt":{"rendered":"<p>A C\u00e2mara Municipal de Nova Alvorada do Sul definiu, na ter\u00e7a-feira (16), durante a 44\u00aa Sess\u00e3o Ordin\u00e1ria, por unanimidade, o<\/p>\n","protected":false},"author":1,"featured_media":11853,"comment_status":"open","ping_status":"open","sticky":false,"template":"","format":"standard","meta":{"footnotes":""},"categories":[2],"tags":[],"class_list":["post-11851","post","type-post","status-publish","format-standard","has-post-thumbnail","hentry","category-noticias"],"_links":{"self":[{"href":"https:\/\/jornaloalvorada.com.br\/site\/wp-json\/wp\/v2\/posts\/11851","targetHints":{"allow":["GET"]}}],"collection":[{"href":"https:\/\/jornaloalvorada.com.br\/site\/wp-json\/wp\/v2\/posts"}],"about":[{"href":"https:\/\/jornaloalvorada.com.br\/site\/wp-json\/wp\/v2\/types\/post"}],"author":[{"embeddable":true,"href":"https:\/\/jornaloalvorada.com.br\/site\/wp-json\/wp\/v2\/users\/1"}],"replies":[{"embeddable":true,"href":"https:\/\/jornaloalvorada.com.br\/site\/wp-json\/wp\/v2\/comments?post=11851"}],"version-history":[{"count":3,"href":"https:\/\/jornaloalvorada.com.br\/site\/wp-json\/wp\/v2\/posts\/11851\/revisions"}],"predecessor-version":[{"id":11856,"href":"https:\/\/jornaloalvorada.com.br\/site\/wp-json\/wp\/v2\/posts\/11851\/revisions\/11856"}],"wp:featuredmedia":[{"embeddable":true,"href":"https:\/\/jornaloalvorada.com.br\/site\/wp-json\/wp\/v2\/media\/11853"}],"wp:attachment":[{"href":"https:\/\/jornaloalvorada.com.br\/site\/wp-json\/wp\/v2\/media?parent=11851"}],"wp:term":[{"taxonomy":"category","embeddable":true,"href":"https:\/\/jornaloalvorada.com.br\/site\/wp-json\/wp\/v2\/categories?post=11851"},{"taxonomy":"post_tag","embeddable":true,"href":"https:\/\/jornaloalvorada.com.br\/site\/wp-json\/wp\/v2\/tags?post=11851"}],"curies":[{"name":"wp","href":"https:\/\/api.w.org\/{rel}","templated":true}]}}