{"id":11847,"date":"2025-12-11T08:17:00","date_gmt":"2025-12-11T12:17:00","guid":{"rendered":"https:\/\/jornaloalvorada.com.br\/site\/?p=11847"},"modified":"2025-12-11T11:19:01","modified_gmt":"2025-12-11T15:19:01","slug":"lucas-foroni-se-firma-entre-os-mais-lembrados-em-pesquisa-espontanea-para-deputado-federal","status":"publish","type":"post","link":"https:\/\/jornaloalvorada.com.br\/site\/2025\/12\/11\/lucas-foroni-se-firma-entre-os-mais-lembrados-em-pesquisa-espontanea-para-deputado-federal\/","title":{"rendered":"Lucas Foroni se firma entre os mais lembrados em pesquisa espont\u00e2nea para deputado federal"},"content":{"rendered":"\n<p>O atual prefeito de Rio Brilhante, Lucas Foroni (PP), aparece entre os nomes mais lembrados pelos eleitores sul-mato-grossenses na corrida para deputado federal, de acordo com a s\u00e9tima pesquisa estadual divulgada pelo <a href=\"https:\/\/rankingpesquisa.com.br\/noticias\/pesquisa-de-intencoes-de-votos-para-deputados-federais-de-mato-grosso-do-sul-dezembro-de-2025\/\">instituto Ranking Brasil Intelig\u00eancia<\/a>. Na sondagem espont\u00e2nea, Foroni figura em 7\u00ba lugar, com 1,4% das inten\u00e7\u00f5es de voto.<\/p>\n\n\n\n<p>A pesquisa foi realizada entre os dias 1\u00ba e 6 de dezembro, com 3 mil moradores de 16 anos ou mais, em 30 munic\u00edpios de Mato Grosso do Sul. O levantamento tem intervalo de confian\u00e7a de 95% e margem de erro de 1,8 ponto percentual para mais ou para menos, e traz as inten\u00e7\u00f5es de voto para as oito vagas de deputados federais do Estado.<\/p>\n\n\n\n<p>O bom desempenho de Lucas Foroni n\u00e3o \u00e9 considerado casual. Agr\u00f4nomo de forma\u00e7\u00e3o, o prefeito est\u00e1 em seu segundo mandato e tem constru\u00eddo uma gest\u00e3o marcada pelo planejamento, inova\u00e7\u00e3o e entrega de resultados concretos. Esses fatores t\u00eam projetado seu nome no debate estadual e fortalecido sua imagem junto ao eleitorado.<\/p>\n\n\n\n<p>O resultado da pesquisa refor\u00e7a a percep\u00e7\u00e3o de Foroni como gestor protagonista, transparente e eficiente, cuja administra\u00e7\u00e3o tem ultrapassado as fronteiras municipais, sendo observada em todo Mato Grosso do Sul. Mesmo sem campanha em andamento, ele j\u00e1 ocupa espa\u00e7o relevante na mem\u00f3ria do eleitor sul-mato-grossense, sinalizando potencial competitivo para as elei\u00e7\u00f5es de 2026.<\/p>\n\n\n\n<p>Resultados da pesquisa espont\u00e2nea para deputado federal em MS<\/p>\n\n\n\n<figure class=\"wp-block-image\"><img decoding=\"async\" src=\"https:\/\/alvoradainforma.com.br\/envios\/2025\/12\/10\/6c40c98982245a94f15ad5563e4fde8b.webp\" alt=\"\"\/><\/figure>\n\n\n\n<p><strong><em>Fonte: Alvorada Informa<\/em><\/strong><\/p>\n","protected":false},"excerpt":{"rendered":"<p>O atual prefeito de Rio Brilhante, Lucas Foroni (PP), aparece entre os nomes mais lembrados pelos eleitores sul-mato-grossenses na corrida<\/p>\n","protected":false},"author":1,"featured_media":11848,"comment_status":"open","ping_status":"open","sticky":false,"template":"","format":"standard","meta":{"footnotes":""},"categories":[2],"tags":[],"class_list":["post-11847","post","type-post","status-publish","format-standard","has-post-thumbnail","hentry","category-noticias"],"_links":{"self":[{"href":"https:\/\/jornaloalvorada.com.br\/site\/wp-json\/wp\/v2\/posts\/11847","targetHints":{"allow":["GET"]}}],"collection":[{"href":"https:\/\/jornaloalvorada.com.br\/site\/wp-json\/wp\/v2\/posts"}],"about":[{"href":"https:\/\/jornaloalvorada.com.br\/site\/wp-json\/wp\/v2\/types\/post"}],"author":[{"embeddable":true,"href":"https:\/\/jornaloalvorada.com.br\/site\/wp-json\/wp\/v2\/users\/1"}],"replies":[{"embeddable":true,"href":"https:\/\/jornaloalvorada.com.br\/site\/wp-json\/wp\/v2\/comments?post=11847"}],"version-history":[{"count":1,"href":"https:\/\/jornaloalvorada.com.br\/site\/wp-json\/wp\/v2\/posts\/11847\/revisions"}],"predecessor-version":[{"id":11849,"href":"https:\/\/jornaloalvorada.com.br\/site\/wp-json\/wp\/v2\/posts\/11847\/revisions\/11849"}],"wp:featuredmedia":[{"embeddable":true,"href":"https:\/\/jornaloalvorada.com.br\/site\/wp-json\/wp\/v2\/media\/11848"}],"wp:attachment":[{"href":"https:\/\/jornaloalvorada.com.br\/site\/wp-json\/wp\/v2\/media?parent=11847"}],"wp:term":[{"taxonomy":"category","embeddable":true,"href":"https:\/\/jornaloalvorada.com.br\/site\/wp-json\/wp\/v2\/categories?post=11847"},{"taxonomy":"post_tag","embeddable":true,"href":"https:\/\/jornaloalvorada.com.br\/site\/wp-json\/wp\/v2\/tags?post=11847"}],"curies":[{"name":"wp","href":"https:\/\/api.w.org\/{rel}","templated":true}]}}