{"id":11845,"date":"2025-12-11T11:17:27","date_gmt":"2025-12-11T15:17:27","guid":{"rendered":"https:\/\/jornaloalvorada.com.br\/site\/?p=11845"},"modified":"2025-12-11T11:17:28","modified_gmt":"2025-12-11T15:17:28","slug":"salario-minimo-vai-aumentar-r-103-em-2026","status":"publish","type":"post","link":"https:\/\/jornaloalvorada.com.br\/site\/2025\/12\/11\/salario-minimo-vai-aumentar-r-103-em-2026\/","title":{"rendered":"Sal\u00e1rio m\u00ednimo vai aumentar R$ 103 em 2026"},"content":{"rendered":"\n<p>O Minist\u00e9rio do Planejamento e Or\u00e7amento afirmou, nesta quarta-feira (10\/12), que o <a href=\"https:\/\/www.correiobraziliense.com.br\/economia\/2025\/11\/7303629-governo-reduz-projecao-do-salario-minimo-para-2026-ajuste-sera-de-72.html\" target=\"_blank\" rel=\"noreferrer noopener\">sal\u00e1rio m\u00ednimo<\/a> ser\u00e1 reajustado de R$ 1.518 para R$ 1.621, um aumento de R$ 103. O valor foi confirmado ap\u00f3s a divulga\u00e7\u00e3o do \u00cdndice Nacional de Pre\u00e7os ao Consumidor (INPC), utilizado no c\u00e1lculo do reajuste anual do sal\u00e1rio m\u00ednimo. O indicador registrou 0,03% em outubro e acumula 4,18% em 12 meses.<\/p>\n\n\n\n<p>O reajuste do sal\u00e1rio m\u00ednimo ser\u00e1 aplicado a partir de janeiro de 2026, com efeito no sal\u00e1rio que o trabalhador recebe em fevereiro.<\/p>\n\n\n\n<p>A regra do reajuste do sal\u00e1rio m\u00ednimo determina que o valor tenha duas corre\u00e7\u00f5es: uma pelo INPC de 12 meses acumulado at\u00e9 novembro do ano anterior, ou seja, 4,18%, e outra pelo crescimento da economia de 2 anos.<\/p>\n\n\n\n<p>No in\u00edcio deste m\u00eas, o Instituto Brasileiro de Geografia e Estat\u00edstica (IBGE) revisou os dados do Produto Interno Bruto (PIB de 2024, confirmando expans\u00e3o em 3,4%.<\/p>\n\n\n\n<p>No entanto, o arcabou\u00e7o fiscal, mecanismo que controla a evolu\u00e7\u00e3o dos gastos p\u00fablicos, determina que o ganho acima da infla\u00e7\u00e3o seja limitado a um intervalo de 0,6% a 2,5%.<\/p>\n\n\n\n<p>Pela regra, o sal\u00e1rio m\u00ednimo de 2026 seria R$ 1.620,99 e, com o arredondamento previsto em lei, passa para R$ 1.621, reajuste de 6,79%.<\/p>\n\n\n\n<p><strong><em>Fonte: Correio Braziliense<\/em><\/strong><\/p>\n","protected":false},"excerpt":{"rendered":"<p>O Minist\u00e9rio do Planejamento e Or\u00e7amento afirmou, nesta quarta-feira (10\/12), que o sal\u00e1rio m\u00ednimo ser\u00e1 reajustado de R$ 1.518 para<\/p>\n","protected":false},"author":1,"featured_media":3870,"comment_status":"open","ping_status":"open","sticky":false,"template":"","format":"standard","meta":{"footnotes":""},"categories":[2],"tags":[],"class_list":["post-11845","post","type-post","status-publish","format-standard","has-post-thumbnail","hentry","category-noticias"],"_links":{"self":[{"href":"https:\/\/jornaloalvorada.com.br\/site\/wp-json\/wp\/v2\/posts\/11845","targetHints":{"allow":["GET"]}}],"collection":[{"href":"https:\/\/jornaloalvorada.com.br\/site\/wp-json\/wp\/v2\/posts"}],"about":[{"href":"https:\/\/jornaloalvorada.com.br\/site\/wp-json\/wp\/v2\/types\/post"}],"author":[{"embeddable":true,"href":"https:\/\/jornaloalvorada.com.br\/site\/wp-json\/wp\/v2\/users\/1"}],"replies":[{"embeddable":true,"href":"https:\/\/jornaloalvorada.com.br\/site\/wp-json\/wp\/v2\/comments?post=11845"}],"version-history":[{"count":1,"href":"https:\/\/jornaloalvorada.com.br\/site\/wp-json\/wp\/v2\/posts\/11845\/revisions"}],"predecessor-version":[{"id":11846,"href":"https:\/\/jornaloalvorada.com.br\/site\/wp-json\/wp\/v2\/posts\/11845\/revisions\/11846"}],"wp:featuredmedia":[{"embeddable":true,"href":"https:\/\/jornaloalvorada.com.br\/site\/wp-json\/wp\/v2\/media\/3870"}],"wp:attachment":[{"href":"https:\/\/jornaloalvorada.com.br\/site\/wp-json\/wp\/v2\/media?parent=11845"}],"wp:term":[{"taxonomy":"category","embeddable":true,"href":"https:\/\/jornaloalvorada.com.br\/site\/wp-json\/wp\/v2\/categories?post=11845"},{"taxonomy":"post_tag","embeddable":true,"href":"https:\/\/jornaloalvorada.com.br\/site\/wp-json\/wp\/v2\/tags?post=11845"}],"curies":[{"name":"wp","href":"https:\/\/api.w.org\/{rel}","templated":true}]}}