{"id":11842,"date":"2025-12-11T11:11:18","date_gmt":"2025-12-11T15:11:18","guid":{"rendered":"https:\/\/jornaloalvorada.com.br\/site\/?p=11842"},"modified":"2025-12-11T11:11:19","modified_gmt":"2025-12-11T15:11:19","slug":"concurso-ibge-inscricoes-sao-prorrogadas-veja-as-novas-datas","status":"publish","type":"post","link":"https:\/\/jornaloalvorada.com.br\/site\/2025\/12\/11\/concurso-ibge-inscricoes-sao-prorrogadas-veja-as-novas-datas\/","title":{"rendered":"Concurso IBGE: inscri\u00e7\u00f5es s\u00e3o prorrogadas; veja as novas datas"},"content":{"rendered":"\n<p>O Instituto Brasileiro de Geografia e Estat\u00edstica (IBGE) divulgou, na quarta-feira (10\/12), a segunda retifica\u00e7\u00e3o do&nbsp;edital do Processo Seletivo Simplificado, com mudan\u00e7as importantes no cronograma, entre elas, a prorroga\u00e7\u00e3o do per\u00edodo de inscri\u00e7\u00f5es. Agora, interessados poder\u00e3o se inscrever at\u00e9 17 de dezembro, por meio do site da banca organizadora, a Funda\u00e7\u00e3o Getulio Vargas.<\/p>\n\n\n\n<p>Ao todo, foram publicados&nbsp;dois editais que somam 9.590 vagas tempor\u00e1rias para profissionais de n\u00edvel m\u00e9dio em todo o pa\u00eds. As oportunidades s\u00e3o para agente de pesquisas e mapeamento (APM) e supervisor de coleta e qualidade (SCQ), ambos com benef\u00edcios como aux\u00edlio-alimenta\u00e7\u00e3o de R$ 1.175, aux\u00edlio-transporte, aux\u00edlio pr\u00e9-escolar, f\u00e9rias e 13\u00ba sal\u00e1rio proporcional.<\/p>\n\n\n\n<p>Para o cargo de agente de pesquisas e mapeamento, o sal\u00e1rio inicial \u00e9 de R$ 2.676,24. Entre as atribui\u00e7\u00f5es da fun\u00e7\u00e3o est\u00e1 a&nbsp;coleta de dados em resid\u00eancias e estabelecimentos, apoio a levantamentos geogr\u00e1ficos, registro de informa\u00e7\u00f5es em sistemas eletr\u00f4nicos e elabora\u00e7\u00e3o de relat\u00f3rios.<\/p>\n\n\n\n<p>J\u00e1 o supervisor de coleta e qualidade tem remunera\u00e7\u00e3o inicial de R$ 3.379. O candidato deve ter CNH categoria B v\u00e1lida. Entre as atribui\u00e7\u00f5es est\u00e3o o planejamento e a gest\u00e3o das a\u00e7\u00f5es de coleta, supervis\u00e3o de equipes, controle da qualidade dos dados e avalia\u00e7\u00e3o t\u00e9cnica de question\u00e1rios.<\/p>\n\n\n\n<h3 class=\"wp-block-heading\">Como ficam as etapas<\/h3>\n\n\n\n<p>A prova objetiva, antes prevista para fevereiro, agora ser\u00e1 aplicada em 1\u00ba de mar\u00e7o de 2026. As provas objetivas, de car\u00e1ter eliminat\u00f3rio e classificat\u00f3rio, ser\u00e3o aplicadas em dois turnos, conforme o cargo. O cart\u00e3o de confirma\u00e7\u00e3o ser\u00e1 disponibilizado em 16 de fevereiro de 2026.<\/p>\n\n\n\n<p>O resultado definitivo da prova est\u00e1 previsto para 27 de mar\u00e7o de 2026. Para ser aprovado, o candidato dever\u00e1 alcan\u00e7ar pelo menos 18 pontos, equivalente a 30% do total, al\u00e9m de marcar no m\u00ednimo 1 ponto em cada disciplina.<\/p>\n\n\n\n<p>A verifica\u00e7\u00e3o das condi\u00e7\u00f5es declaradas para concorrer \u00e0s cotas ocorrer\u00e1 entre 1\u00ba e 7 de abril, e o resultado final do processo seletivo deve ser divulgado em 30 de abril de 2026.<\/p>\n\n\n\n<p><strong><em>Fonte: Correio Braziliense<\/em><\/strong><\/p>\n","protected":false},"excerpt":{"rendered":"<p>O Instituto Brasileiro de Geografia e Estat\u00edstica (IBGE) divulgou, na quarta-feira (10\/12), a segunda retifica\u00e7\u00e3o do&nbsp;edital do Processo Seletivo Simplificado,<\/p>\n","protected":false},"author":1,"featured_media":11843,"comment_status":"open","ping_status":"open","sticky":false,"template":"","format":"standard","meta":{"footnotes":""},"categories":[2],"tags":[],"class_list":["post-11842","post","type-post","status-publish","format-standard","has-post-thumbnail","hentry","category-noticias"],"_links":{"self":[{"href":"https:\/\/jornaloalvorada.com.br\/site\/wp-json\/wp\/v2\/posts\/11842","targetHints":{"allow":["GET"]}}],"collection":[{"href":"https:\/\/jornaloalvorada.com.br\/site\/wp-json\/wp\/v2\/posts"}],"about":[{"href":"https:\/\/jornaloalvorada.com.br\/site\/wp-json\/wp\/v2\/types\/post"}],"author":[{"embeddable":true,"href":"https:\/\/jornaloalvorada.com.br\/site\/wp-json\/wp\/v2\/users\/1"}],"replies":[{"embeddable":true,"href":"https:\/\/jornaloalvorada.com.br\/site\/wp-json\/wp\/v2\/comments?post=11842"}],"version-history":[{"count":1,"href":"https:\/\/jornaloalvorada.com.br\/site\/wp-json\/wp\/v2\/posts\/11842\/revisions"}],"predecessor-version":[{"id":11844,"href":"https:\/\/jornaloalvorada.com.br\/site\/wp-json\/wp\/v2\/posts\/11842\/revisions\/11844"}],"wp:featuredmedia":[{"embeddable":true,"href":"https:\/\/jornaloalvorada.com.br\/site\/wp-json\/wp\/v2\/media\/11843"}],"wp:attachment":[{"href":"https:\/\/jornaloalvorada.com.br\/site\/wp-json\/wp\/v2\/media?parent=11842"}],"wp:term":[{"taxonomy":"category","embeddable":true,"href":"https:\/\/jornaloalvorada.com.br\/site\/wp-json\/wp\/v2\/categories?post=11842"},{"taxonomy":"post_tag","embeddable":true,"href":"https:\/\/jornaloalvorada.com.br\/site\/wp-json\/wp\/v2\/tags?post=11842"}],"curies":[{"name":"wp","href":"https:\/\/api.w.org\/{rel}","templated":true}]}}