{"id":11839,"date":"2025-12-11T11:09:06","date_gmt":"2025-12-11T15:09:06","guid":{"rendered":"https:\/\/jornaloalvorada.com.br\/site\/?p=11839"},"modified":"2025-12-11T11:09:07","modified_gmt":"2025-12-11T15:09:07","slug":"vendas-no-comercio-voltam-a-ganhar-folego-e-crescem-05-em-outubro","status":"publish","type":"post","link":"https:\/\/jornaloalvorada.com.br\/site\/2025\/12\/11\/vendas-no-comercio-voltam-a-ganhar-folego-e-crescem-05-em-outubro\/","title":{"rendered":"Vendas no com\u00e9rcio voltam a ganhar f\u00f4lego e crescem 0,5% em outubro"},"content":{"rendered":"\n<p>As vendas no com\u00e9rcio cresceram 0,5% em outubro, na compara\u00e7\u00e3o com setembro. O resultado \u00e9 a maior alta entre meses seguidos desde mar\u00e7o de 2025, quando tinha crescido 0,7%.<img decoding=\"async\" src=\"https:\/\/agenciabrasil.ebc.com.br\/ebc.png?id=1671772&amp;o=node\"><img decoding=\"async\" src=\"https:\/\/agenciabrasil.ebc.com.br\/ebc.gif?id=1671772&amp;o=node\"><\/p>\n\n\n\n<p>Na compara\u00e7\u00e3o com outubro de 2024, o com\u00e9rcio brasileiro avan\u00e7ou 1,1%. No acumulado de 12 meses, o setor cresceu 1,7%, menor patamar desde dezembro de 2024, quando chegou a 4,1% de expans\u00e3o.<\/p>\n\n\n\n<p>Os dados fazem parte Pesquisa Mensal de Com\u00e9rcio, divulgada nesta quinta-feira (11) pelo <a href=\"https:\/\/agenciabrasil.ebc.com.br\/tags\/ibge\" target=\"_blank\" rel=\"noreferrer noopener\">Instituto Brasileiro de Geografia e Estat\u00edstica<\/a> (IBGE).<\/p>\n\n\n\n<p>Veja o comportamento das vendas no com\u00e9rcio nos \u00faltimos meses:<\/p>\n\n\n\n<ul class=\"wp-block-list\">\n<li>Mar\u00e7o: 0,7%<\/li>\n\n\n\n<li>Abril: -0,3%<\/li>\n\n\n\n<li>Maio: -0,4%<\/li>\n\n\n\n<li>Junho: -0,1%<\/li>\n\n\n\n<li>Julho: -0,2%<\/li>\n\n\n\n<li>Agosto: 0,1%<\/li>\n\n\n\n<li>Setembro: -0,2%<\/li>\n\n\n\n<li>Outubro: 0,5%<\/li>\n<\/ul>\n\n\n\n<p>Com os dados de outubro, o com\u00e9rcio est\u00e1 0,5% abaixo do maior n\u00edvel j\u00e1 registrado, em mar\u00e7o de 2025. A s\u00e9rie hist\u00f3rica do IBGE come\u00e7a em 2000. O setor figura 9,6% acima do patamar pr\u00e9-pandemia de covid-19 (fevereiro de 2020).<\/p>\n\n\n\n<h2 class=\"wp-block-heading\">Sete das oito atividades com alta<\/h2>\n\n\n\n<p>Na passagem de setembro para outubro, sete das oito atividades pesquisadas apresentaram avan\u00e7o:<\/p>\n\n\n\n<ul class=\"wp-block-list\">\n<li>equipamentos e material para escrit\u00f3rio, inform\u00e1tica e comunica\u00e7\u00e3o: 3,2%<\/li>\n\n\n\n<li>combust\u00edveis e lubrificantes: 1,4%<\/li>\n\n\n\n<li>m\u00f3veis e eletrodom\u00e9sticos: 1,0%<\/li>\n\n\n\n<li>livros, jornais, revistas e papelaria: 0,6%<\/li>\n\n\n\n<li>outros artigos de uso pessoal e dom\u00e9stico: 0,4%<\/li>\n\n\n\n<li>artigos farmac\u00eauticos, m\u00e9dicos, ortop\u00e9dicos e de perfumaria: 0,3%<\/li>\n\n\n\n<li>hiper, supermercados, produtos aliment\u00edcios, bebidas e fumo: 0,1%<\/li>\n\n\n\n<li>tecidos, vestu\u00e1rio e cal\u00e7ados: -0,3%<\/li>\n<\/ul>\n\n\n\n<p>De acordo com o gerente da pesquisa, Cristiano Santos, a venda de computadores, celulares e eletrodom\u00e9sticos foram importante motor das vendas no m\u00eas.<\/p>\n\n\n\n<blockquote class=\"wp-block-quote is-layout-flow wp-block-quote-is-layout-flow\">\n<p>&#8220;As empresas aproveitaram a deprecia\u00e7\u00e3o [desvaloriza\u00e7\u00e3o] do d\u00f3lar e performaram melhor, tamb\u00e9m por conta de promo\u00e7\u00f5es&#8221;, cita. A queda do d\u00f3lar ante o real faz com que produtos importados fiquem mais em conta no pa\u00eds.&nbsp;<\/p>\n<\/blockquote>\n\n\n\n<h2 class=\"wp-block-heading\">Jun\u00e7\u00e3o de fatores<\/h2>\n\n\n\n<p>O analista acrescenta que houve &#8220;coincid\u00eancias de fatores&#8221; para estimular o consumo. &#8220;Dentre eles, a infla\u00e7\u00e3o cedeu&#8221;, cita Santos, ao lembrar que houve defla\u00e7\u00e3o, com queda de pre\u00e7o na alimenta\u00e7\u00e3o no domic\u00edlio, m\u00f3veis e eletrodom\u00e9sticos.<\/p>\n\n\n\n<p>Outros fatores foram o<a href=\"https:\/\/agenciabrasil.ebc.com.br\/economia\/noticia\/2025-11\/taxa-de-desemprego-cai-para-54-menor-desde-2012\" target=\"_blank\" rel=\"noreferrer noopener\"> mercado de trabalho aquecido<\/a>&nbsp;e o cr\u00e9dito \u00e0 pessoa f\u00edsica, que cresceu 2,1% em outubro.<\/p>\n\n\n\n<p>Santos destaca que o cr\u00e9dito \u00e0 pessoa f\u00edsica n\u00e3o tem sentido tanto o impacto da taxa b\u00e1sica de juros, a Selic, em 15% ao ano, que tende a refletir no encarecimento em toda a cadeia de cr\u00e9dito.<\/p>\n\n\n\n<p>A Selic est\u00e1 mantida neste n\u00edvel como uma <a href=\"https:\/\/agenciabrasil.ebc.com.br\/economia\/noticia\/2025-12\/setor-produtivo-critica-cautela-do-bc-e-cobra-inicio-do-corte-de-juros\" target=\"_blank\" rel=\"noreferrer noopener\">estrat\u00e9gia&nbsp;do Banco Central<\/a> para conter a infla\u00e7\u00e3o, que chegou a ficar 13 meses acima da meta do governo.&nbsp;<\/p>\n\n\n\n<p>No com\u00e9rcio varejista ampliado, que inclui atividades de atacado \u2500 ve\u00edculos, motos, partes e pe\u00e7as; material de constru\u00e7\u00e3o; e produtos aliment\u00edcios, bebidas e fumo \u2500 o indicador avan\u00e7ou 1,1% de setembro para outubro e apresenta estabilidade (0%) no acumulado de 12 meses.<\/p>\n\n\n\n<p>De acordo com o gerente da pesquisa, Cristiano Santos, o desempenho do varejo ampliado em outubro \u201cfoi bastante influenciado por ve\u00edculos, motos, partes e pe\u00e7as, e pela atividade de atacado especializado em produtos aliment\u00edcios, bebidas e fumo\u201d.<\/p>\n\n\n\n<p><strong><em>Fonte: Ag\u00eancia Brasil<\/em><\/strong><\/p>\n","protected":false},"excerpt":{"rendered":"<p>As vendas no com\u00e9rcio cresceram 0,5% em outubro, na compara\u00e7\u00e3o com setembro. O resultado \u00e9 a maior alta entre meses<\/p>\n","protected":false},"author":1,"featured_media":11840,"comment_status":"open","ping_status":"open","sticky":false,"template":"","format":"standard","meta":{"footnotes":""},"categories":[2],"tags":[],"class_list":["post-11839","post","type-post","status-publish","format-standard","has-post-thumbnail","hentry","category-noticias"],"_links":{"self":[{"href":"https:\/\/jornaloalvorada.com.br\/site\/wp-json\/wp\/v2\/posts\/11839","targetHints":{"allow":["GET"]}}],"collection":[{"href":"https:\/\/jornaloalvorada.com.br\/site\/wp-json\/wp\/v2\/posts"}],"about":[{"href":"https:\/\/jornaloalvorada.com.br\/site\/wp-json\/wp\/v2\/types\/post"}],"author":[{"embeddable":true,"href":"https:\/\/jornaloalvorada.com.br\/site\/wp-json\/wp\/v2\/users\/1"}],"replies":[{"embeddable":true,"href":"https:\/\/jornaloalvorada.com.br\/site\/wp-json\/wp\/v2\/comments?post=11839"}],"version-history":[{"count":1,"href":"https:\/\/jornaloalvorada.com.br\/site\/wp-json\/wp\/v2\/posts\/11839\/revisions"}],"predecessor-version":[{"id":11841,"href":"https:\/\/jornaloalvorada.com.br\/site\/wp-json\/wp\/v2\/posts\/11839\/revisions\/11841"}],"wp:featuredmedia":[{"embeddable":true,"href":"https:\/\/jornaloalvorada.com.br\/site\/wp-json\/wp\/v2\/media\/11840"}],"wp:attachment":[{"href":"https:\/\/jornaloalvorada.com.br\/site\/wp-json\/wp\/v2\/media?parent=11839"}],"wp:term":[{"taxonomy":"category","embeddable":true,"href":"https:\/\/jornaloalvorada.com.br\/site\/wp-json\/wp\/v2\/categories?post=11839"},{"taxonomy":"post_tag","embeddable":true,"href":"https:\/\/jornaloalvorada.com.br\/site\/wp-json\/wp\/v2\/tags?post=11839"}],"curies":[{"name":"wp","href":"https:\/\/api.w.org\/{rel}","templated":true}]}}