{"id":11829,"date":"2025-12-02T13:15:54","date_gmt":"2025-12-02T17:15:54","guid":{"rendered":"https:\/\/jornaloalvorada.com.br\/site\/?p=11829"},"modified":"2025-12-02T13:15:55","modified_gmt":"2025-12-02T17:15:55","slug":"limite-de-velocidade-pode-subir-para-150-km-h-com-atualizacao-das-normas","status":"publish","type":"post","link":"https:\/\/jornaloalvorada.com.br\/site\/2025\/12\/02\/limite-de-velocidade-pode-subir-para-150-km-h-com-atualizacao-das-normas\/","title":{"rendered":"Limite de velocidade pode subir para 150 km\/h com atualiza\u00e7\u00e3o das normas"},"content":{"rendered":"\n<p>As leis de tr\u00e2nsito na <strong>Europa<\/strong> est\u00e3o prestes a sofrer uma altera\u00e7\u00e3o hist\u00f3rica que promete redefinir a experi\u00eancia de dirigir no continente. A <strong>Rep\u00fablica Tcheca<\/strong> ser\u00e1 a pioneira na <strong>Uni\u00e3o Europeia<\/strong> a elevar o limite de velocidade para <strong>150 km\/h<\/strong> em trechos espec\u00edficos de suas autoestradas.<\/p>\n\n\n\n<h2 class=\"wp-block-heading\">Onde e quando come\u00e7a o novo limite de 150 km\/h?<\/h2>\n\n\n\n<p>A medida inovadora est\u00e1 programada para entrar em vigor no final de <strong>setembro de 2025<\/strong>, funcionando inicialmente como um projeto piloto. O local escolhido para esse teste \u00e9 a <strong>Rodovia D3<\/strong>, uma importante via de conex\u00e3o que liga <strong>Praga<\/strong> \u00e0 cidade de <strong>Linz<\/strong>, na fronteira com a \u00c1ustria.<\/p>\n\n\n\n<p>O trecho selecionado possui cerca de 50 quil\u00f4metros de extens\u00e3o e servir\u00e1 como laborat\u00f3rio para avaliar a viabilidade da nova regra. Se os resultados forem positivos, o governo tcheco planeja expandir a permiss\u00e3o para outras estradas do pa\u00eds.<\/p>\n\n\n\n<figure class=\"wp-block-image\"><img decoding=\"async\" src=\"https:\/\/terrabrasilnoticias.com\/wp-content\/uploads\/2025\/10\/placa1-1-e1759364100155-1024x575.png\" alt=\"Placa de limite de 150 km pode ser implementadas\"\/><figcaption class=\"wp-element-caption\">Placa de limite de 150 km no meio da estrada<\/figcaption><\/figure>\n\n\n\n<h2 class=\"wp-block-heading\">Como a tecnologia de placas eletr\u00f4nicas define a regra?<\/h2>\n\n\n\n<p>Para garantir que o aumento da velocidade n\u00e3o comprometa a seguran\u00e7a, o sistema depender\u00e1 inteiramente de <strong>placas eletr\u00f4nicas<\/strong> inteligentes. O governo investiu cerca de <strong>2,2 milh\u00f5es de euros<\/strong> na instala\u00e7\u00e3o dessa tecnologia, que permite alterar os limites instantaneamente conforme o cen\u00e1rio.<\/p>\n\n\n\n<p>O limite padr\u00e3o atual de 130 km\/h s\u00f3 ser\u00e1 elevado para 150 km\/h quando os sensores indicarem condi\u00e7\u00f5es ideais de tr\u00e1fego e visibilidade. Essa flexibilidade \u00e9 a chave para modernizar a gest\u00e3o do tr\u00e2nsito sem aumentar os riscos de acidentes graves.<\/p>\n\n\n\n<h2 class=\"wp-block-heading\">Quais condi\u00e7\u00f5es permitem acelerar at\u00e9 o limite m\u00e1ximo?<\/h2>\n\n\n\n<p>A regra de ouro para a libera\u00e7\u00e3o da velocidade m\u00e1xima \u00e9 a condi\u00e7\u00e3o clim\u00e1tica e o fluxo de ve\u00edculos. O motorista s\u00f3 poder\u00e1 atingir os 150 km\/h se a pista estiver seca e o<a href=\"https:\/\/terrabrasilnoticias.com\/2025\/11\/investimento-de-r-181-milhoes-para-obras-de-mobilidade-em-curitiba-promete-modernizar-regioes-e-melhorar-a-fluidez-no-transito\/\" target=\"_blank\" rel=\"noreferrer noopener\"> tr\u00e2nsito for considerado leve <\/a>pelos sistemas de monitoramento.<\/p>\n\n\n\n<p>Em situa\u00e7\u00f5es adversas, como <strong>chuva<\/strong>, <strong>neve<\/strong> ou pista escorregadia, o sistema reduzir\u00e1 automaticamente o limite, ficando 20 km\/h abaixo da norma padr\u00e3o ou at\u00e9 menos. Para entender melhor a din\u00e2mica, confira os crit\u00e9rios operacionais do projeto:<\/p>\n\n\n\n<ul class=\"wp-block-list\">\n<li><strong>Pista Seca e Tr\u00e2nsito Leve:<\/strong> Limite elevado para 150 km\/h via sinaliza\u00e7\u00e3o eletr\u00f4nica.<\/li>\n\n\n\n<li><strong>Condi\u00e7\u00f5es Normais:<\/strong> Mant\u00e9m-se o padr\u00e3o nacional de 130 km\/h.<\/li>\n\n\n\n<li><strong>Mau Tempo:<\/strong> Redu\u00e7\u00e3o obrigat\u00f3ria da velocidade para garantir a ader\u00eancia e seguran\u00e7a.<\/li>\n<\/ul>\n\n\n\n<figure class=\"wp-block-image\"><img decoding=\"async\" src=\"https:\/\/terrabrasilnoticias.com\/wp-content\/uploads\/2025\/10\/speed-traffic-sign-120_1759363802855-1024x576.jpg\" alt=\"Cr\u00e9ditos: depositphotos.com \/ Tamer_Soliman\"\/><figcaption class=\"wp-element-caption\">Placa de 120 km\/h \u2013 Cr\u00e9ditos: depositphotos.com \/ Tamer_Soliman<\/figcaption><\/figure>\n\n\n\n<h2 class=\"wp-block-heading\">Primeira grande mudan\u00e7a na legisla\u00e7\u00e3o desde 1997<\/h2>\n\n\n\n<p>Essa iniciativa representa a primeira modifica\u00e7\u00e3o significativa nos limites de velocidade tchecos em quase tr\u00eas d\u00e9cadas. A \u00faltima altera\u00e7\u00e3o relevante ocorreu em <strong>1997<\/strong>, quando o teto subiu de 120 para 130 km\/h.<\/p>\n\n\n\n<p>A nova flexibiliza\u00e7\u00e3o foi possibilitada por uma mudan\u00e7a legislativa aprovada em <strong>2023<\/strong>, que preparou o terreno jur\u00eddico para a moderniza\u00e7\u00e3o. O projeto coloca a <strong>Rep\u00fablica Tcheca<\/strong> em destaque no cen\u00e1rio europeu, desafiando a tend\u00eancia de redu\u00e7\u00e3o de limites observada em outros pa\u00edses.<\/p>\n\n\n\n<h2 class=\"wp-block-heading\">O aumento da velocidade compromete a seguran\u00e7a rodovi\u00e1ria?<\/h2>\n\n\n\n<p>A <strong>seguran\u00e7a rodovi\u00e1ria<\/strong> \u00e9 o ponto central do debate, exigindo manuten\u00e7\u00e3o preventiva impec\u00e1vel das vias selecionadas. As autoridades apostam que a varia\u00e7\u00e3o din\u00e2mica dos limites educar\u00e1 os motoristas a respeitarem as condi\u00e7\u00f5es moment\u00e2neas da estrada, em vez de seguirem uma placa est\u00e1tica.<\/p>\n\n\n\n<p>Se voc\u00ea planeja dirigir pela Europa a partir do pr\u00f3ximo ano, fique atento \u00e0s sinaliza\u00e7\u00f5es digitais para evitar multas e garantir uma viagem segura.<\/p>\n\n\n\n<h2 class=\"wp-block-heading\">Resumo do projeto piloto tcheco<\/h2>\n\n\n\n<ul class=\"wp-block-list\">\n<li><strong>Estreia em 2025:<\/strong> O teste come\u00e7a em setembro na <strong>Rodovia D3<\/strong>, entre <strong>Praga<\/strong> e <strong>Linz<\/strong>.<\/li>\n\n\n\n<li><strong>Sinaliza\u00e7\u00e3o Din\u00e2mica:<\/strong> Placas eletr\u00f4nicas ajustam o limite entre 130 km\/h e 150 km\/h conforme o clima.<\/li>\n\n\n\n<li><strong>Seguran\u00e7a Ativa:<\/strong> A velocidade m\u00e1xima s\u00f3 \u00e9 permitida com pista seca e baixo volume de tr\u00e1fego.<\/li>\n<\/ul>\n\n\n\n<p><strong><em>Fonte: Terra Brasil Not\u00edcias<\/em><\/strong><\/p>\n","protected":false},"excerpt":{"rendered":"<p>As leis de tr\u00e2nsito na Europa est\u00e3o prestes a sofrer uma altera\u00e7\u00e3o hist\u00f3rica que promete redefinir a experi\u00eancia de dirigir<\/p>\n","protected":false},"author":1,"featured_media":11830,"comment_status":"open","ping_status":"open","sticky":false,"template":"","format":"standard","meta":{"footnotes":""},"categories":[2],"tags":[],"class_list":["post-11829","post","type-post","status-publish","format-standard","has-post-thumbnail","hentry","category-noticias"],"_links":{"self":[{"href":"https:\/\/jornaloalvorada.com.br\/site\/wp-json\/wp\/v2\/posts\/11829","targetHints":{"allow":["GET"]}}],"collection":[{"href":"https:\/\/jornaloalvorada.com.br\/site\/wp-json\/wp\/v2\/posts"}],"about":[{"href":"https:\/\/jornaloalvorada.com.br\/site\/wp-json\/wp\/v2\/types\/post"}],"author":[{"embeddable":true,"href":"https:\/\/jornaloalvorada.com.br\/site\/wp-json\/wp\/v2\/users\/1"}],"replies":[{"embeddable":true,"href":"https:\/\/jornaloalvorada.com.br\/site\/wp-json\/wp\/v2\/comments?post=11829"}],"version-history":[{"count":1,"href":"https:\/\/jornaloalvorada.com.br\/site\/wp-json\/wp\/v2\/posts\/11829\/revisions"}],"predecessor-version":[{"id":11831,"href":"https:\/\/jornaloalvorada.com.br\/site\/wp-json\/wp\/v2\/posts\/11829\/revisions\/11831"}],"wp:featuredmedia":[{"embeddable":true,"href":"https:\/\/jornaloalvorada.com.br\/site\/wp-json\/wp\/v2\/media\/11830"}],"wp:attachment":[{"href":"https:\/\/jornaloalvorada.com.br\/site\/wp-json\/wp\/v2\/media?parent=11829"}],"wp:term":[{"taxonomy":"category","embeddable":true,"href":"https:\/\/jornaloalvorada.com.br\/site\/wp-json\/wp\/v2\/categories?post=11829"},{"taxonomy":"post_tag","embeddable":true,"href":"https:\/\/jornaloalvorada.com.br\/site\/wp-json\/wp\/v2\/tags?post=11829"}],"curies":[{"name":"wp","href":"https:\/\/api.w.org\/{rel}","templated":true}]}}