{"id":11825,"date":"2025-12-02T13:13:56","date_gmt":"2025-12-02T17:13:56","guid":{"rendered":"https:\/\/jornaloalvorada.com.br\/site\/?p=11825"},"modified":"2025-12-02T13:13:57","modified_gmt":"2025-12-02T17:13:57","slug":"vem-ai-a-5a-edicao-do-natal-de-luz-em-nova-alvorada-do-sul","status":"publish","type":"post","link":"https:\/\/jornaloalvorada.com.br\/site\/2025\/12\/02\/vem-ai-a-5a-edicao-do-natal-de-luz-em-nova-alvorada-do-sul\/","title":{"rendered":"Vem a\u00ed a 5\u00aa Edi\u00e7\u00e3o do Natal de Luz! em Nova Alvorada do Sul"},"content":{"rendered":"\n<p>No dia 06 de dezembro, a partir das 19h, o Parque Nelson Terer\u00e9 ser\u00e1 tomado por magia, luzes, alegria e aquela energia especial que s\u00f3 o Natal traz!<\/p>\n\n\n\n<p>Prepare-se para uma noite encantadora, cheia de esp\u00edrito natalino, decora\u00e7\u00e3o tem\u00e1tica e muita emo\u00e7\u00e3o para toda a fam\u00edlia.<\/p>\n\n\n\n<p>Venha viver a magia do Natal de Luz! Estamos esperando por voc\u00ea para celebrar juntos esse momento t\u00e3o especial em Nova Alvorada do Sul.<\/p>\n\n\n\n<p><img loading=\"lazy\" decoding=\"async\" height=\"16\" width=\"16\" alt=\"\ud83d\udccd\" src=\"https:\/\/static.xx.fbcdn.net\/images\/emoji.php\/v9\/t2d\/1\/16\/1f4cd.png\"> Parque Nelson Terer\u00e9<\/p>\n\n\n\n<p><img loading=\"lazy\" decoding=\"async\" height=\"16\" width=\"16\" alt=\"\ud83d\udcc5\" src=\"https:\/\/static.xx.fbcdn.net\/images\/emoji.php\/v9\/t7e\/1\/16\/1f4c5.png\"> 06 de dezembro<\/p>\n\n\n\n<p><img loading=\"lazy\" decoding=\"async\" height=\"16\" width=\"16\" alt=\"\u23f0\" src=\"https:\/\/static.xx.fbcdn.net\/images\/emoji.php\/v9\/t34\/1\/16\/23f0.png\"> 19h<\/p>\n\n\n<div class=\"wp-block-image\">\n<figure class=\"aligncenter size-large\"><img loading=\"lazy\" decoding=\"async\" width=\"763\" height=\"1024\" src=\"https:\/\/jornaloalvorada.com.br\/site\/wp-content\/uploads\/2025\/12\/natalnas-763x1024.jpg\" alt=\"\" class=\"wp-image-11826\" srcset=\"https:\/\/jornaloalvorada.com.br\/site\/wp-content\/uploads\/2025\/12\/natalnas-763x1024.jpg 763w, https:\/\/jornaloalvorada.com.br\/site\/wp-content\/uploads\/2025\/12\/natalnas-223x300.jpg 223w, https:\/\/jornaloalvorada.com.br\/site\/wp-content\/uploads\/2025\/12\/natalnas-768x1031.jpg 768w, https:\/\/jornaloalvorada.com.br\/site\/wp-content\/uploads\/2025\/12\/natalnas.jpg 1080w\" sizes=\"auto, (max-width: 763px) 100vw, 763px\" \/><\/figure>\n<\/div>","protected":false},"excerpt":{"rendered":"<p>No dia 06 de dezembro, a partir das 19h, o Parque Nelson Terer\u00e9 ser\u00e1 tomado por magia, luzes, alegria e<\/p>\n","protected":false},"author":1,"featured_media":11827,"comment_status":"open","ping_status":"open","sticky":false,"template":"","format":"standard","meta":{"footnotes":""},"categories":[2],"tags":[],"class_list":["post-11825","post","type-post","status-publish","format-standard","has-post-thumbnail","hentry","category-noticias"],"_links":{"self":[{"href":"https:\/\/jornaloalvorada.com.br\/site\/wp-json\/wp\/v2\/posts\/11825","targetHints":{"allow":["GET"]}}],"collection":[{"href":"https:\/\/jornaloalvorada.com.br\/site\/wp-json\/wp\/v2\/posts"}],"about":[{"href":"https:\/\/jornaloalvorada.com.br\/site\/wp-json\/wp\/v2\/types\/post"}],"author":[{"embeddable":true,"href":"https:\/\/jornaloalvorada.com.br\/site\/wp-json\/wp\/v2\/users\/1"}],"replies":[{"embeddable":true,"href":"https:\/\/jornaloalvorada.com.br\/site\/wp-json\/wp\/v2\/comments?post=11825"}],"version-history":[{"count":1,"href":"https:\/\/jornaloalvorada.com.br\/site\/wp-json\/wp\/v2\/posts\/11825\/revisions"}],"predecessor-version":[{"id":11828,"href":"https:\/\/jornaloalvorada.com.br\/site\/wp-json\/wp\/v2\/posts\/11825\/revisions\/11828"}],"wp:featuredmedia":[{"embeddable":true,"href":"https:\/\/jornaloalvorada.com.br\/site\/wp-json\/wp\/v2\/media\/11827"}],"wp:attachment":[{"href":"https:\/\/jornaloalvorada.com.br\/site\/wp-json\/wp\/v2\/media?parent=11825"}],"wp:term":[{"taxonomy":"category","embeddable":true,"href":"https:\/\/jornaloalvorada.com.br\/site\/wp-json\/wp\/v2\/categories?post=11825"},{"taxonomy":"post_tag","embeddable":true,"href":"https:\/\/jornaloalvorada.com.br\/site\/wp-json\/wp\/v2\/tags?post=11825"}],"curies":[{"name":"wp","href":"https:\/\/api.w.org\/{rel}","templated":true}]}}