{"id":11822,"date":"2025-12-02T09:35:57","date_gmt":"2025-12-02T13:35:57","guid":{"rendered":"https:\/\/jornaloalvorada.com.br\/site\/?p=11822"},"modified":"2025-12-02T09:36:01","modified_gmt":"2025-12-02T13:36:01","slug":"desaprovacao-de-lula-volta-a-subir-e-chega-a-507-aponta-pesquisa","status":"publish","type":"post","link":"https:\/\/jornaloalvorada.com.br\/site\/2025\/12\/02\/desaprovacao-de-lula-volta-a-subir-e-chega-a-507-aponta-pesquisa\/","title":{"rendered":"Desaprova\u00e7\u00e3o de Lula volta a subir e chega a 50,7%, aponta pesquisa"},"content":{"rendered":"\n<p>A desaprova\u00e7\u00e3o do presidente Luiz In\u00e1cio Lula da Silva (PT) voltou a subir, segundo pesquisa AtlasIntel\/Bloomberg divulgada nesta ter\u00e7a-feira (2).<\/p>\n\n\n\n<p>S\u00e3o 50,7% que desaprovam Lula na pesquisa feita em novembro, <a href=\"https:\/\/www.cnnbrasil.com.br\/politica\/aprovacao-lula-atlasintel-outubro-2025\/\" target=\"_blank\" rel=\"noreferrer noopener\">um aumento de 2,6 pontos percentuais se comparado ao levantamento de outubro<\/a>.<\/p>\n\n\n\n<p>A aprova\u00e7\u00e3o, por sua vez, \u00e9 de 48,6%. No \u00faltimo m\u00eas era de 51,2%.<\/p>\n\n\n\n<p>Foram ouvidas 5.510 pessoas, entre os dias 22 e 27 de novembro. A margem de erro \u00e9 de um ponto percentual, para mais ou para menos.<\/p>\n\n\n\n<p>A aprova\u00e7\u00e3o de Lula \u00e9 maior entre:<\/p>\n\n\n\n<ul class=\"wp-block-list\">\n<li><strong>Mulheres:<\/strong> 58,4%<\/li>\n\n\n\n<li><strong>Os que t\u00eam apenas ensino fundamental:<\/strong> 57,4%<\/li>\n\n\n\n<li><strong>Pessoas entre 45 e 59 anos:<\/strong> 61,7%<\/li>\n\n\n\n<li><strong>Benefici\u00e1rios do Bolsa Fam\u00edlia:<\/strong> 55,5%<\/li>\n\n\n\n<li><strong>Moradores do Nordeste:<\/strong> 58,7%<\/li>\n\n\n\n<li><strong>Renda familiar acima de R$ 10 mil:<\/strong> 62,2%<\/li>\n\n\n\n<li><strong>Agn\u00f3sticos e ateus:<\/strong> 82,1%<\/li>\n<\/ul>\n\n\n\n<p>A desaprova\u00e7\u00e3o \u00e9 maior entre:<\/p>\n\n\n\n<ul class=\"wp-block-list\">\n<li><strong>Homens:<\/strong> 61,1%<\/li>\n\n\n\n<li><strong>Os que t\u00eam apenas ensino m\u00e9dio:<\/strong> 63,1%<\/li>\n\n\n\n<li><strong>Pessoas entre 16 e 24 anos:<\/strong> 68,1%<\/li>\n\n\n\n<li><strong>Os que n\u00e3o recebem Bolsa Fam\u00edlia:<\/strong> 52,6%<\/li>\n\n\n\n<li><strong>Moradores do Centro-Oeste:<\/strong> 69,9%<\/li>\n\n\n\n<li><strong>Renda familiar entre R$ 2.000 e R$ 3.000:<\/strong> 63,2%<\/li>\n\n\n\n<li><strong>Evang\u00e9licos:<\/strong> 72,1%<\/li>\n<\/ul>\n\n\n\n<p><strong><em>Fonte: CNN Brasil<\/em><\/strong><\/p>\n","protected":false},"excerpt":{"rendered":"<p>A desaprova\u00e7\u00e3o do presidente Luiz In\u00e1cio Lula da Silva (PT) voltou a subir, segundo pesquisa AtlasIntel\/Bloomberg divulgada nesta ter\u00e7a-feira (2).<\/p>\n","protected":false},"author":1,"featured_media":11823,"comment_status":"open","ping_status":"open","sticky":false,"template":"","format":"standard","meta":{"footnotes":""},"categories":[2],"tags":[],"class_list":["post-11822","post","type-post","status-publish","format-standard","has-post-thumbnail","hentry","category-noticias"],"_links":{"self":[{"href":"https:\/\/jornaloalvorada.com.br\/site\/wp-json\/wp\/v2\/posts\/11822","targetHints":{"allow":["GET"]}}],"collection":[{"href":"https:\/\/jornaloalvorada.com.br\/site\/wp-json\/wp\/v2\/posts"}],"about":[{"href":"https:\/\/jornaloalvorada.com.br\/site\/wp-json\/wp\/v2\/types\/post"}],"author":[{"embeddable":true,"href":"https:\/\/jornaloalvorada.com.br\/site\/wp-json\/wp\/v2\/users\/1"}],"replies":[{"embeddable":true,"href":"https:\/\/jornaloalvorada.com.br\/site\/wp-json\/wp\/v2\/comments?post=11822"}],"version-history":[{"count":1,"href":"https:\/\/jornaloalvorada.com.br\/site\/wp-json\/wp\/v2\/posts\/11822\/revisions"}],"predecessor-version":[{"id":11824,"href":"https:\/\/jornaloalvorada.com.br\/site\/wp-json\/wp\/v2\/posts\/11822\/revisions\/11824"}],"wp:featuredmedia":[{"embeddable":true,"href":"https:\/\/jornaloalvorada.com.br\/site\/wp-json\/wp\/v2\/media\/11823"}],"wp:attachment":[{"href":"https:\/\/jornaloalvorada.com.br\/site\/wp-json\/wp\/v2\/media?parent=11822"}],"wp:term":[{"taxonomy":"category","embeddable":true,"href":"https:\/\/jornaloalvorada.com.br\/site\/wp-json\/wp\/v2\/categories?post=11822"},{"taxonomy":"post_tag","embeddable":true,"href":"https:\/\/jornaloalvorada.com.br\/site\/wp-json\/wp\/v2\/tags?post=11822"}],"curies":[{"name":"wp","href":"https:\/\/api.w.org\/{rel}","templated":true}]}}