{"id":11819,"date":"2025-12-02T09:30:00","date_gmt":"2025-12-02T13:30:00","guid":{"rendered":"https:\/\/jornaloalvorada.com.br\/site\/?p=11819"},"modified":"2025-12-02T09:30:01","modified_gmt":"2025-12-02T13:30:01","slug":"mais-de-100-deputados-pedem-ao-stf-prisao-domiciliar-humanitaria-a-bolsonaro","status":"publish","type":"post","link":"https:\/\/jornaloalvorada.com.br\/site\/2025\/12\/02\/mais-de-100-deputados-pedem-ao-stf-prisao-domiciliar-humanitaria-a-bolsonaro\/","title":{"rendered":"Mais de 100 deputados pedem ao STF pris\u00e3o domiciliar humanit\u00e1ria a Bolsonaro"},"content":{"rendered":"\n<p>Cerca de 119 deputados federais assinaram uma peti\u00e7\u00e3o do deputado Gustavo Gayer (PL-GO) pedindo ao STF a concess\u00e3o de pris\u00e3o domiciliar humanit\u00e1ria ao ex-presidente Jair Bolsonaro (PL), condenado a mais de 27 anos por liderar uma tentativa de golpe de Estado. Atualmente, ele est\u00e1 preso na Superintend\u00eancia da PF, em Bras\u00edlia.<br><br>No pedido, os parlamentares alegam que o quadro de sa\u00fade de Bolsonaro &#8216;\u00e9 grave, evolutivo e multifatorial&#8217;. Eles citam informa\u00e7\u00f5es dos m\u00e9dicos do ex-presidente, alegando que Bolsonaro tem mais de dez doen\u00e7as.<br><br>Segundo o grupo, o quadro cl\u00ednico de Bolsonaro &#8216;exige constante supervis\u00e3o m\u00e9dica, acesso r\u00e1pido a exames, medicamentos e eventuais interna\u00e7\u00f5es de urg\u00eancia&#8217;. Al\u00e9m do pedido de pris\u00e3o domiciliar, eles solicitam que uma per\u00edcia m\u00e9dica oficial multidisciplinar fa\u00e7a uma avalia\u00e7\u00e3o da sa\u00fade do ex-presidente&#8221;.<br><\/p>\n\n\n\n<p><strong><em>COM INFORMA\u00c7\u00d5ES RUTE MORAES\u00a0 DE PORTAL R7<\/em><\/strong><\/p>\n","protected":false},"excerpt":{"rendered":"<p>Cerca de 119 deputados federais assinaram uma peti\u00e7\u00e3o do deputado Gustavo Gayer (PL-GO) pedindo ao STF a concess\u00e3o de pris\u00e3o<\/p>\n","protected":false},"author":1,"featured_media":11820,"comment_status":"open","ping_status":"open","sticky":false,"template":"","format":"standard","meta":{"footnotes":""},"categories":[2],"tags":[],"class_list":["post-11819","post","type-post","status-publish","format-standard","has-post-thumbnail","hentry","category-noticias"],"_links":{"self":[{"href":"https:\/\/jornaloalvorada.com.br\/site\/wp-json\/wp\/v2\/posts\/11819","targetHints":{"allow":["GET"]}}],"collection":[{"href":"https:\/\/jornaloalvorada.com.br\/site\/wp-json\/wp\/v2\/posts"}],"about":[{"href":"https:\/\/jornaloalvorada.com.br\/site\/wp-json\/wp\/v2\/types\/post"}],"author":[{"embeddable":true,"href":"https:\/\/jornaloalvorada.com.br\/site\/wp-json\/wp\/v2\/users\/1"}],"replies":[{"embeddable":true,"href":"https:\/\/jornaloalvorada.com.br\/site\/wp-json\/wp\/v2\/comments?post=11819"}],"version-history":[{"count":1,"href":"https:\/\/jornaloalvorada.com.br\/site\/wp-json\/wp\/v2\/posts\/11819\/revisions"}],"predecessor-version":[{"id":11821,"href":"https:\/\/jornaloalvorada.com.br\/site\/wp-json\/wp\/v2\/posts\/11819\/revisions\/11821"}],"wp:featuredmedia":[{"embeddable":true,"href":"https:\/\/jornaloalvorada.com.br\/site\/wp-json\/wp\/v2\/media\/11820"}],"wp:attachment":[{"href":"https:\/\/jornaloalvorada.com.br\/site\/wp-json\/wp\/v2\/media?parent=11819"}],"wp:term":[{"taxonomy":"category","embeddable":true,"href":"https:\/\/jornaloalvorada.com.br\/site\/wp-json\/wp\/v2\/categories?post=11819"},{"taxonomy":"post_tag","embeddable":true,"href":"https:\/\/jornaloalvorada.com.br\/site\/wp-json\/wp\/v2\/tags?post=11819"}],"curies":[{"name":"wp","href":"https:\/\/api.w.org\/{rel}","templated":true}]}}