{"id":11816,"date":"2025-12-02T09:28:40","date_gmt":"2025-12-02T13:28:40","guid":{"rendered":"https:\/\/jornaloalvorada.com.br\/site\/?p=11816"},"modified":"2025-12-02T09:28:46","modified_gmt":"2025-12-02T13:28:46","slug":"cnh-fim-da-exigencia-gera-revolta-em-autoescolas-que-vao-apelar-para-o-stf","status":"publish","type":"post","link":"https:\/\/jornaloalvorada.com.br\/site\/2025\/12\/02\/cnh-fim-da-exigencia-gera-revolta-em-autoescolas-que-vao-apelar-para-o-stf\/","title":{"rendered":"CNH: fim da exig\u00eancia gera revolta em autoescolas, que v\u00e3o apelar para o STF"},"content":{"rendered":"\n<p>A Confedera\u00e7\u00e3o Nacional do Com\u00e9rcio (CNC), representando o setor produtivo das autoescolas, entrar\u00e1 com uma a\u00e7\u00e3o no Supremo Tribunal Federal (STF) para contestar resolu\u00e7\u00e3o do Conselho Nacional de Tr\u00e2nsito (Contran) que acabou, nesta segunda-feira (1\/12), com a exig\u00eancia da obrigatoriedade de um m\u00ednimo de aulas em autoescolas para a obten\u00e7\u00e3o da Carteira Nacional de Habilita\u00e7\u00e3o (CNH).<br><br>O Contran \u00e9 respons\u00e1vel pela defini\u00e7\u00e3o das regras de tr\u00e2nsito. Para ser oficial e mudar o processo de obten\u00e7\u00e3o da CNH, a norma precisa ser publicada no Di\u00e1rio Oficial da Uni\u00e3o (DOU). Em nota, a Federa\u00e7\u00e3o Nacional das Autoescolas (Feneauto) criticou a decis\u00e3o que \u201catropela os tr\u00e2mites democr\u00e1ticos\u201d.<br><br>O setor afirma que a resolu\u00e7\u00e3o aprovada cria \u201cprofunda inseguran\u00e7a jur\u00eddica\u201d. \u201cEssas mudan\u00e7as configuram um verdadeiro fato consumado criado pelo Poder Executivo, interferindo diretamente em compet\u00eancias que s\u00e3o do Poder Legislativo, que j\u00e1 decidiu debater o tema com responsabilidade\u201d, diz a nota.<br><br>O presidente da Feneauto, Ygor Valen\u00e7a, detalhou que o setor esteve nesta segunda (1\/12) com o presidente da C\u00e2mara dos Deputados, Hugo Motta (Republicamos), que criou a Comiss\u00f5a Especial para o Plano Nacional de Forma\u00e7\u00e3o de Condutores. A comiss\u00e3o ser\u00e1 instaurada na pr\u00f3xima ter\u00e7a-feira (2\/12) na reuni\u00e3o de l\u00edderes.<br><br>Al\u00e9m de a\u00e7\u00e3o no STF, o setor ir\u00e1 protocolar na C\u00e2mara dos Deputados um Projeto de Decreto Legislativo (PDL) para paralisar temporariamente os efeitos da proposta do Contran, caso seja publicada no DOU.<br><\/p>\n\n\n\n<p><strong><em>COM INFORMA\u00c7\u00d5ES DE METR\u00d3POLES\u00a0<\/em><\/strong><\/p>\n","protected":false},"excerpt":{"rendered":"<p>A Confedera\u00e7\u00e3o Nacional do Com\u00e9rcio (CNC), representando o setor produtivo das autoescolas, entrar\u00e1 com uma a\u00e7\u00e3o no Supremo Tribunal Federal<\/p>\n","protected":false},"author":1,"featured_media":11817,"comment_status":"open","ping_status":"open","sticky":false,"template":"","format":"standard","meta":{"footnotes":""},"categories":[2],"tags":[],"class_list":["post-11816","post","type-post","status-publish","format-standard","has-post-thumbnail","hentry","category-noticias"],"_links":{"self":[{"href":"https:\/\/jornaloalvorada.com.br\/site\/wp-json\/wp\/v2\/posts\/11816","targetHints":{"allow":["GET"]}}],"collection":[{"href":"https:\/\/jornaloalvorada.com.br\/site\/wp-json\/wp\/v2\/posts"}],"about":[{"href":"https:\/\/jornaloalvorada.com.br\/site\/wp-json\/wp\/v2\/types\/post"}],"author":[{"embeddable":true,"href":"https:\/\/jornaloalvorada.com.br\/site\/wp-json\/wp\/v2\/users\/1"}],"replies":[{"embeddable":true,"href":"https:\/\/jornaloalvorada.com.br\/site\/wp-json\/wp\/v2\/comments?post=11816"}],"version-history":[{"count":1,"href":"https:\/\/jornaloalvorada.com.br\/site\/wp-json\/wp\/v2\/posts\/11816\/revisions"}],"predecessor-version":[{"id":11818,"href":"https:\/\/jornaloalvorada.com.br\/site\/wp-json\/wp\/v2\/posts\/11816\/revisions\/11818"}],"wp:featuredmedia":[{"embeddable":true,"href":"https:\/\/jornaloalvorada.com.br\/site\/wp-json\/wp\/v2\/media\/11817"}],"wp:attachment":[{"href":"https:\/\/jornaloalvorada.com.br\/site\/wp-json\/wp\/v2\/media?parent=11816"}],"wp:term":[{"taxonomy":"category","embeddable":true,"href":"https:\/\/jornaloalvorada.com.br\/site\/wp-json\/wp\/v2\/categories?post=11816"},{"taxonomy":"post_tag","embeddable":true,"href":"https:\/\/jornaloalvorada.com.br\/site\/wp-json\/wp\/v2\/tags?post=11816"}],"curies":[{"name":"wp","href":"https:\/\/api.w.org\/{rel}","templated":true}]}}