{"id":11810,"date":"2025-12-01T15:19:00","date_gmt":"2025-12-01T19:19:00","guid":{"rendered":"https:\/\/jornaloalvorada.com.br\/site\/?p=11810"},"modified":"2025-12-02T09:19:43","modified_gmt":"2025-12-02T13:19:43","slug":"policia-militar-prende-homem-por-embriaguez-ao-volante-e-porte-ilegal-de-arma-de-fogo-em-nova-alvorada-do-sul","status":"publish","type":"post","link":"https:\/\/jornaloalvorada.com.br\/site\/2025\/12\/01\/policia-militar-prende-homem-por-embriaguez-ao-volante-e-porte-ilegal-de-arma-de-fogo-em-nova-alvorada-do-sul\/","title":{"rendered":"Pol\u00edcia Militar prende homem por embriaguez ao volante e porte ilegal de arma de fogo em Nova Alvorada do Sul"},"content":{"rendered":"\n<p>A Pol\u00edcia Militar de Nova Alvorada do Sul prendeu, na madrugada desta segunda-feira (1\u00ba), um homem de 45 anos por embriaguez ao volante e porte ilegal de arma de fogo. A ocorr\u00eancia foi registrada na Rua Jofre de Ara\u00fajo, regi\u00e3o central do munic\u00edpio.<\/p>\n\n\n\n<p>Os militares foram acionados ap\u00f3s uma den\u00fancia de perturba\u00e7\u00e3o do sossego em uma conveni\u00eancia. Durante as dilig\u00eancias, a equipe avistou um ve\u00edculo que deixou o local em alta velocidade, realizando uma arrancada brusca. O condutor foi abordado poucos metros \u00e0 frente.<\/p>\n\n\n\n<p>Na vistoria do ve\u00edculo, os policiais encontraram uma espingarda calibre 28 no banco traseiro&nbsp;e&nbsp;duas muni\u00e7\u00f5es intactas no porta-luvas. De acordo com a Pol\u00edcia Militar, o motorista apresentava sinais vis\u00edveis de embriaguez. Ele foi submetido ao teste de alcoolemia, que apontou&nbsp;1,26 mg\/L, \u00edndice muito acima do limite legal.<\/p>\n\n\n\n<p>Diante dos fatos, o homem recebeu voz de pris\u00e3o e foi encaminhado para as provid\u00eancias cab\u00edveis. O ve\u00edculo tamb\u00e9m foi recolhido ao p\u00e1tio do Detran\/MS devido \u00e0s infra\u00e7\u00f5es constatadas.<\/p>\n\n\n\n<p>A Pol\u00edcia Militar destacou que a\u00e7\u00f5es como essa visam&nbsp;refor\u00e7ar a seguran\u00e7a p\u00fablica e impedir condutas que representem risco \u00e0 vida, tanto do motorista quanto de outras pessoas que trafegam pela regi\u00e3o.<\/p>\n\n\n\n<p><strong><em>Fonte: Assecom \/ PMMS &#8211; NAS<\/em><\/strong><\/p>\n","protected":false},"excerpt":{"rendered":"<p>A Pol\u00edcia Militar de Nova Alvorada do Sul prendeu, na madrugada desta segunda-feira (1\u00ba), um homem de 45 anos por<\/p>\n","protected":false},"author":1,"featured_media":11811,"comment_status":"open","ping_status":"open","sticky":false,"template":"","format":"standard","meta":{"footnotes":""},"categories":[2],"tags":[],"class_list":["post-11810","post","type-post","status-publish","format-standard","has-post-thumbnail","hentry","category-noticias"],"_links":{"self":[{"href":"https:\/\/jornaloalvorada.com.br\/site\/wp-json\/wp\/v2\/posts\/11810","targetHints":{"allow":["GET"]}}],"collection":[{"href":"https:\/\/jornaloalvorada.com.br\/site\/wp-json\/wp\/v2\/posts"}],"about":[{"href":"https:\/\/jornaloalvorada.com.br\/site\/wp-json\/wp\/v2\/types\/post"}],"author":[{"embeddable":true,"href":"https:\/\/jornaloalvorada.com.br\/site\/wp-json\/wp\/v2\/users\/1"}],"replies":[{"embeddable":true,"href":"https:\/\/jornaloalvorada.com.br\/site\/wp-json\/wp\/v2\/comments?post=11810"}],"version-history":[{"count":1,"href":"https:\/\/jornaloalvorada.com.br\/site\/wp-json\/wp\/v2\/posts\/11810\/revisions"}],"predecessor-version":[{"id":11812,"href":"https:\/\/jornaloalvorada.com.br\/site\/wp-json\/wp\/v2\/posts\/11810\/revisions\/11812"}],"wp:featuredmedia":[{"embeddable":true,"href":"https:\/\/jornaloalvorada.com.br\/site\/wp-json\/wp\/v2\/media\/11811"}],"wp:attachment":[{"href":"https:\/\/jornaloalvorada.com.br\/site\/wp-json\/wp\/v2\/media?parent=11810"}],"wp:term":[{"taxonomy":"category","embeddable":true,"href":"https:\/\/jornaloalvorada.com.br\/site\/wp-json\/wp\/v2\/categories?post=11810"},{"taxonomy":"post_tag","embeddable":true,"href":"https:\/\/jornaloalvorada.com.br\/site\/wp-json\/wp\/v2\/tags?post=11810"}],"curies":[{"name":"wp","href":"https:\/\/api.w.org\/{rel}","templated":true}]}}