{"id":11803,"date":"2025-11-24T05:36:13","date_gmt":"2025-11-24T09:36:13","guid":{"rendered":"https:\/\/jornaloalvorada.com.br\/site\/?p=11803"},"modified":"2025-11-24T05:36:15","modified_gmt":"2025-11-24T09:36:15","slug":"com-bolsonaro-preso-oposicao-busca-estrategia-para-viabilizar-anistia","status":"publish","type":"post","link":"https:\/\/jornaloalvorada.com.br\/site\/2025\/11\/24\/com-bolsonaro-preso-oposicao-busca-estrategia-para-viabilizar-anistia\/","title":{"rendered":"Com Bolsonaro preso, oposi\u00e7\u00e3o busca estrat\u00e9gia para viabilizar anistia"},"content":{"rendered":"\n<p>A <a href=\"https:\/\/www.metropoles.com\/brasil\/bolsonaro-e-preso-e-levado-para-superintendencia-da-pf-em-brasilia\">pris\u00e3o preventiva<\/a> do ex-presidente <a href=\"https:\/\/www.metropoles.com\/tag\/jair-bolsonaro\">Jair Bolsonaro (PL)<\/a>, decretada no s\u00e1bado (22\/11), agitou a movimenta\u00e7\u00e3o da oposi\u00e7\u00e3o no Congresso, que tenta agora reorganizar sua atua\u00e7\u00e3o para viabilizar o avan\u00e7o da pauta da anistia ap\u00f3s uma s\u00e9rie de tentativas frustradas. O ex-presidente est\u00e1 preso na Superintend\u00eancia da Pol\u00edcia Federal, em Bras\u00edlia, e no domingo deu sua vers\u00e3o para a viola\u00e7\u00e3o da tornozeleira ao falar durante audi\u00eancia de cust\u00f3dia.<\/p>\n\n\n\n<p>\u00c0s v\u00e9speras do poss\u00edvel tr\u00e2nsito em julgado da condena\u00e7\u00e3o que pode levar \u00e0 pris\u00e3o definitiva do ex-presidente, parlamentares do PL buscam estruturar uma rea\u00e7\u00e3o pol\u00edtica e legislativa. A primeira reuni\u00e3o de articula\u00e7\u00e3o, que inicialmente estava marcada para ter\u00e7a-feira (25\/11), foi antecipada para esta segunda (24), \u00e0s 14h, na sede nacional do PL, em Bras\u00edlia.<\/p>\n\n\n\n<p>O tema central da reuni\u00e3o ser\u00e1 a defini\u00e7\u00e3o de estrat\u00e9gias daqui para a frente. Na pauta, est\u00e3o formas para viabilizar a anistia, em detrimento do chamado PL da Dosimetria, e tamb\u00e9m articula\u00e7\u00f5es para 2026. O senador Fl\u00e1vio Bolsonaro (PL), filho do ex-presidente, \u00e9 um dos que comparecer\u00e3o.<\/p>\n\n\n\n<p>O PL \u00e9 visto como uma vers\u00e3o mais \u201clight\u201d do texto e que n\u00e3o livraria Bolsonaro da cadeia, mas revisaria penas atribu\u00eddas a ele no processo da trama golpista, no qual o ex-presidente foi condenado a 27 anos e 3 meses de pris\u00e3o.<\/p>\n\n\n\n<blockquote class=\"wp-block-quote is-layout-flow wp-block-quote-is-layout-flow\">\n<p>Diante do novo cen\u00e1rio pol\u00edtico, que, embora j\u00e1 esperado, veio mais cedo do que o previsto, a sigla pretende retomar a press\u00e3o por uma proposta mais ampla, como diz o mote desde o in\u00edcio, ao defender anistia \u201campla, geral e irrestrita\u201d.<\/p>\n<\/blockquote>\n\n\n\n<p>Interlocutores envolvidos afirmam que a reuni\u00e3o tamb\u00e9m tratar\u00e1 sobre uma frente de atua\u00e7\u00e3o internacional para abarcar na jogada a tentativa de press\u00e3o externa sobre o Brasil.<\/p>\n\n\n\n<p>Um dos exemplos de rea\u00e7\u00e3o citada nos bastidores \u00e9 a <a href=\"https:\/\/www.metropoles.com\/colunas\/paulo-cappelli\/embaixada-dos-eua-critica-moraes-poder-sem-limites\">nota da embaixada americana divulgada no X (antigo Twitter)<\/a>. A mensagem afirma que a pris\u00e3o de Bolsonaro foi \u201cprovocativa e desnecess\u00e1ria\u201d, descrevendo-o como algu\u00e9m j\u00e1 submetido a uma forte vigil\u00e2ncia. O texto tamb\u00e9m diz que Moraes \u201cexp\u00f4s o Supremo Tribunal Federal \u00e0 vergonha e ao descr\u00e9dito internacional\u201d e classifica o epis\u00f3dio como um ataque ao Estado de Direito.<\/p>\n\n\n\n<p>Al\u00e9m da discuss\u00e3o internacional, a oposi\u00e7\u00e3o tenta reorganizar sua base no Congresso em meio a um final de semana de feriado prolongado. Muitos parlamentares da oposi\u00e7\u00e3o estavam fora de Bras\u00edlia em agendas, em suas respectivas bases, quando Bolsonaro foi preso, e muitos acabaram retornando \u00e0s pressas \u00e0 capital para acompanhar a situa\u00e7\u00e3o e participar das articula\u00e7\u00f5es.<\/p>\n\n\n\n<p><strong><em>Fonte: Metropoles<\/em><\/strong><\/p>\n","protected":false},"excerpt":{"rendered":"<p>A pris\u00e3o preventiva do ex-presidente Jair Bolsonaro (PL), decretada no s\u00e1bado (22\/11), agitou a movimenta\u00e7\u00e3o da oposi\u00e7\u00e3o no Congresso, que<\/p>\n","protected":false},"author":1,"featured_media":11804,"comment_status":"open","ping_status":"open","sticky":false,"template":"","format":"standard","meta":{"footnotes":""},"categories":[2],"tags":[],"class_list":["post-11803","post","type-post","status-publish","format-standard","has-post-thumbnail","hentry","category-noticias"],"_links":{"self":[{"href":"https:\/\/jornaloalvorada.com.br\/site\/wp-json\/wp\/v2\/posts\/11803","targetHints":{"allow":["GET"]}}],"collection":[{"href":"https:\/\/jornaloalvorada.com.br\/site\/wp-json\/wp\/v2\/posts"}],"about":[{"href":"https:\/\/jornaloalvorada.com.br\/site\/wp-json\/wp\/v2\/types\/post"}],"author":[{"embeddable":true,"href":"https:\/\/jornaloalvorada.com.br\/site\/wp-json\/wp\/v2\/users\/1"}],"replies":[{"embeddable":true,"href":"https:\/\/jornaloalvorada.com.br\/site\/wp-json\/wp\/v2\/comments?post=11803"}],"version-history":[{"count":1,"href":"https:\/\/jornaloalvorada.com.br\/site\/wp-json\/wp\/v2\/posts\/11803\/revisions"}],"predecessor-version":[{"id":11805,"href":"https:\/\/jornaloalvorada.com.br\/site\/wp-json\/wp\/v2\/posts\/11803\/revisions\/11805"}],"wp:featuredmedia":[{"embeddable":true,"href":"https:\/\/jornaloalvorada.com.br\/site\/wp-json\/wp\/v2\/media\/11804"}],"wp:attachment":[{"href":"https:\/\/jornaloalvorada.com.br\/site\/wp-json\/wp\/v2\/media?parent=11803"}],"wp:term":[{"taxonomy":"category","embeddable":true,"href":"https:\/\/jornaloalvorada.com.br\/site\/wp-json\/wp\/v2\/categories?post=11803"},{"taxonomy":"post_tag","embeddable":true,"href":"https:\/\/jornaloalvorada.com.br\/site\/wp-json\/wp\/v2\/tags?post=11803"}],"curies":[{"name":"wp","href":"https:\/\/api.w.org\/{rel}","templated":true}]}}