{"id":11792,"date":"2025-11-19T10:18:51","date_gmt":"2025-11-19T14:18:51","guid":{"rendered":"https:\/\/jornaloalvorada.com.br\/site\/?p=11792"},"modified":"2025-11-19T11:43:05","modified_gmt":"2025-11-19T15:43:05","slug":"19-de-novembro-dia-da-maravilhosa-bandeira-brasileira","status":"publish","type":"post","link":"https:\/\/jornaloalvorada.com.br\/site\/2025\/11\/19\/19-de-novembro-dia-da-maravilhosa-bandeira-brasileira\/","title":{"rendered":"19 de novembro ! Dia da maravilhosa Bandeira Brasileira!!"},"content":{"rendered":"\n<p>O Dia da Bandeira \u00e9 comemorado em 19 de novembro, data em que a atual bandeira do Brasil foi institu\u00edda ap\u00f3s a Proclama\u00e7\u00e3o da Rep\u00fablica em 1889. A data serve para homenagear este s\u00edmbolo nacional, que representa o pa\u00eds, o patriotismo, a hist\u00f3ria e o povo brasileiro, com suas cores e o lema &#8220;Ordem e Progresso&#8221;.<\/p>\n\n\n\n<p>Origem e significado<\/p>\n\n\n\n<ul class=\"wp-block-list\">\n<li><strong>Institui\u00e7\u00e3o:<\/strong> A bandeira foi criada e institu\u00edda pelo Decreto n\u00ba 4, de 19 de novembro de 1889, quatro dias ap\u00f3s a Proclama\u00e7\u00e3o da Rep\u00fablica, para substituir a bandeira imperial.<\/li>\n\n\n\n<li><strong>Autores:<\/strong> Os autores foram Raimundo Teixeira Mendes, Miguel Lemos, Manuel Pereira Reis e D\u00e9cio Vilares, com inspira\u00e7\u00e3o na bandeira do Imp\u00e9rio.<\/li>\n\n\n\n<li><strong>Lema &#8220;Ordem e Progresso&#8221;:<\/strong> O lema positivista &#8220;O Amor por princ\u00edpio, a Ordem por base, e o Progresso por fim&#8221; foi incorporado \u00e0 faixa branca, refletindo a influ\u00eancia do positivismo na \u00e9poca da funda\u00e7\u00e3o da Rep\u00fablica.<\/li>\n\n\n\n<li><strong>Cores:<\/strong>\n<ul class=\"wp-block-list\">\n<li><strong>Verde:<\/strong> Representa as matas e a rica floresta brasileira.<\/li>\n\n\n\n<li><strong>Amarelo:<\/strong> Simboliza as riquezas minerais do pa\u00eds.<\/li>\n\n\n\n<li><strong>Azul:<\/strong> Representa o c\u00e9u e os rios brasileiros.<\/li>\n\n\n\n<li><strong>Branco:<\/strong> Simboliza o desejo pela paz.<\/li>\n<\/ul>\n<\/li>\n<\/ul>\n\n\n\n<p>Como \u00e9 celebrado<\/p>\n\n\n\n<ul class=\"wp-block-list\">\n<li><strong>Comemora\u00e7\u00f5es c\u00edvicas:<\/strong> Em escolas, \u00f3rg\u00e3os governamentais e outros locais p\u00fablicos, s\u00e3o realizadas celebra\u00e7\u00f5es c\u00edvicas que geralmente incluem o canto do Hino \u00e0 Bandeira e do Hino Nacional.<\/li>\n\n\n\n<li><strong>Desfile:<\/strong> A bandeira brasileira \u00e9 hasteada primeiro e retirada por \u00faltimo em cerim\u00f4nias com v\u00e1rias bandeiras.<\/li>\n\n\n\n<li><strong>Tratamento de bandeiras antigas:<\/strong> Bandeiras danificadas ou velhas devem ser substitu\u00eddas e recolhidas para incinera\u00e7\u00e3o cerimonial, que costuma ocorrer no Dia da Bandeira.<\/li>\n<\/ul>\n\n\n\n<p><\/p>\n","protected":false},"excerpt":{"rendered":"<p>O Dia da Bandeira \u00e9 comemorado em 19 de novembro, data em que a atual bandeira do Brasil foi institu\u00edda<\/p>\n","protected":false},"author":1,"featured_media":11793,"comment_status":"open","ping_status":"open","sticky":false,"template":"","format":"standard","meta":{"footnotes":""},"categories":[2],"tags":[],"class_list":["post-11792","post","type-post","status-publish","format-standard","has-post-thumbnail","hentry","category-noticias"],"_links":{"self":[{"href":"https:\/\/jornaloalvorada.com.br\/site\/wp-json\/wp\/v2\/posts\/11792","targetHints":{"allow":["GET"]}}],"collection":[{"href":"https:\/\/jornaloalvorada.com.br\/site\/wp-json\/wp\/v2\/posts"}],"about":[{"href":"https:\/\/jornaloalvorada.com.br\/site\/wp-json\/wp\/v2\/types\/post"}],"author":[{"embeddable":true,"href":"https:\/\/jornaloalvorada.com.br\/site\/wp-json\/wp\/v2\/users\/1"}],"replies":[{"embeddable":true,"href":"https:\/\/jornaloalvorada.com.br\/site\/wp-json\/wp\/v2\/comments?post=11792"}],"version-history":[{"count":2,"href":"https:\/\/jornaloalvorada.com.br\/site\/wp-json\/wp\/v2\/posts\/11792\/revisions"}],"predecessor-version":[{"id":11796,"href":"https:\/\/jornaloalvorada.com.br\/site\/wp-json\/wp\/v2\/posts\/11792\/revisions\/11796"}],"wp:featuredmedia":[{"embeddable":true,"href":"https:\/\/jornaloalvorada.com.br\/site\/wp-json\/wp\/v2\/media\/11793"}],"wp:attachment":[{"href":"https:\/\/jornaloalvorada.com.br\/site\/wp-json\/wp\/v2\/media?parent=11792"}],"wp:term":[{"taxonomy":"category","embeddable":true,"href":"https:\/\/jornaloalvorada.com.br\/site\/wp-json\/wp\/v2\/categories?post=11792"},{"taxonomy":"post_tag","embeddable":true,"href":"https:\/\/jornaloalvorada.com.br\/site\/wp-json\/wp\/v2\/tags?post=11792"}],"curies":[{"name":"wp","href":"https:\/\/api.w.org\/{rel}","templated":true}]}}