{"id":11782,"date":"2025-11-18T08:54:23","date_gmt":"2025-11-18T12:54:23","guid":{"rendered":"https:\/\/jornaloalvorada.com.br\/site\/?p=11782"},"modified":"2025-11-18T08:54:25","modified_gmt":"2025-11-18T12:54:25","slug":"pf-identifica-dois-suspeitos-de-participar-de-ataque-a-indigenas-no-ms","status":"publish","type":"post","link":"https:\/\/jornaloalvorada.com.br\/site\/2025\/11\/18\/pf-identifica-dois-suspeitos-de-participar-de-ataque-a-indigenas-no-ms\/","title":{"rendered":"PF identifica dois suspeitos de participar de ataque a ind\u00edgenas no MS"},"content":{"rendered":"\n<p><strong>A Pol\u00edcia Federal (PF) identificou dois suspeitos de participar de um ataque armado a um grupo de ind\u00edgenas Guarani Kaiow\u00e1<\/strong>, em Iguatemi (MS), a cerca de 394 quil\u00f4metros (km) da capital do estado, Campo Grande. <a href=\"https:\/\/agenciabrasil.ebc.com.br\/direitos-humanos\/noticia\/2025-11\/indigena-guarani-kaiowa-e-assassinado-em-ataque-no-mato-grosso-do-sul\" target=\"_blank\" rel=\"noreferrer noopener\"><strong>Um ind\u00edgena morreu no <\/strong>ataque<\/a>.<img decoding=\"async\" src=\"https:\/\/agenciabrasil.ebc.com.br\/ebc.png?id=1668338&amp;o=node\"><img decoding=\"async\" src=\"https:\/\/agenciabrasil.ebc.com.br\/ebc.gif?id=1668338&amp;o=node\"><\/p>\n\n\n\n<p>Segundo a superintend\u00eancia estadual da PF, um dos suspeitos foi reconhecido por um dos quatro ind\u00edgenas feridos com armas de fogo ou balas de borracha. Ele foi preso em flagrante.<\/p>\n\n\n\n<p>Conforme a reportagem apurou, <strong>o homem detido \u00e9 de nacionalidade paraguaia e se declara ind\u00edgena. <\/strong>Casado com uma ind\u00edgena brasileira, ele chegou a morar na ocupa\u00e7\u00e3o chamada Pyelito Kue, alvo do ataque <a href=\"https:\/\/agenciabrasil.ebc.com.br\/direitos-humanos\/noticia\/2025-11\/indigena-guarani-kaiowa-e-assassinado-em-ataque-no-mato-grosso-do-sul\" target=\"_blank\" rel=\"noreferrer noopener\">registrado na madrugada<\/a> deste domingo (16).<\/p>\n\n\n\n<p>A PF n\u00e3o divulgou as identidades dos dois suspeitos, nem informou se o segundo deles chegou a ser detido, mas revelou que chegou at\u00e9 eles ap\u00f3s equipes da PF e do Instituto de Criminal\u00edsticas deslocadas para atender a ocorr\u00eancia apreenderem duas espingardas calibre 12 \u201cutilizadas por seguran\u00e7as privadas de uma fazenda\u201d e coletarem c\u00e1psulas e material biol\u00f3gico que acharam no local do ataque. As armas ainda v\u00e3o ser periciadas.<\/p>\n\n\n\n<p>Segundo o Conselho Indigenista Mission\u00e1rio (Cimi), ao menos 20 homens fortemente armados atacaram os guarani kaiow\u00e1 que participam da retomada de Pyelito Kue, na Terra Ind\u00edgena (TI) Iguatemipegu\u00e1 I, em Iguatemi.<\/p>\n\n\n\n<p>Ainda de acordo com o \u00f3rg\u00e3o indigenista vinculado \u00e0 Confer\u00eancia Nacional dos Bispos do Brasil (Cnbb), o ataque ocorreu por volta das 4h da madrugada, pegando de surpresa parte dos ind\u00edgenas que dormiam, incluindo crian\u00e7as e mulheres.<\/p>\n\n\n\n<p><strong>O ind\u00edgena Vicente Fernandes Vilhalva, 36 anos, foi alvejado na cabe\u00e7a. Ele n\u00e3o resistiu \u00e0 gravidade do ferimento e morreu no local.<\/strong><\/p>\n\n\n\n<p>Segundo testemunhas, os atiradores ainda tentaram levar seu corpo, sendo impedidos por outros ind\u00edgenas. <strong>Outros quatro Guarani Kaiow\u00e1 foram feridos, entre eles dois adolescentes e uma mulher.<\/strong><\/p>\n\n\n\n<p>As autoridades policiais est\u00e3o apurando se uma segunda morte, de um vigilante, funcion\u00e1rio de uma empresa de seguran\u00e7a privada que atua na regi\u00e3o, tem rela\u00e7\u00e3o com o ataque a Pyelito Kue.<\/p>\n\n\n\n<p>No domingo, a Secretaria Estadual de Justi\u00e7a e Seguran\u00e7a P\u00fablica chegou a relacionar, em uma nota oficial, a morte de Silva ao ataque contra os Guarani Kaiow\u00e1, mas a respons\u00e1vel pela empresa para a qual o vigilante trabalhava garantiu \u00e0 reportagem que ele morreu em outras circunst\u00e2ncias, conforme consta do atestado de \u00f3bito.<\/p>\n\n\n\n<p>Em nota, a empresa se referiu a um \u201cgrave incidente ocorrido durante uma opera\u00e7\u00e3o de escolta armada\u201d.<\/p>\n\n\n\n<p>J\u00e1 a Funda\u00e7\u00e3o Nacional dos Povos Ind\u00edgenas (Funai) cobrou, em nota, \u201cuma investiga\u00e7\u00e3o rigorosa e uma a\u00e7\u00e3o conjunta para combater os grupos de pistoleiros que atuam na regi\u00e3o\u201d e que \u201cfortale\u00e7a a prote\u00e7\u00e3o dos ind\u00edgenas e de seus territ\u00f3rios\u201d.<\/p>\n\n\n\n<p>\u201c\u00c9 inaceit\u00e1vel que ind\u00edgenas continuem perdendo suas vidas por defender seus territ\u00f3rios\u201d, destacou a funda\u00e7\u00e3o, acrescentando que o ataque a Pyelito Kue se insere em um contexto de retomada de \u00e1reas reivindicadas como territ\u00f3rios tradicionais ind\u00edgenas.<\/p>\n\n\n\n<p>\u201cAs retomadas dos ind\u00edgenas Guarani Kaiow\u00e1 na regi\u00e3o se intensificaram nos \u00faltimos meses com o objetivo de frear a pulveriza\u00e7\u00e3o de agrot\u00f3xicos, que vem causando adoecimento e gerando inseguran\u00e7a h\u00eddrica e alimentar\u201d, sustenta a Funai.<\/p>\n\n\n\n<p>A funda\u00e7\u00e3o lembra que o crime ocorre justamente no momento em que pessoas de todo o mundo est\u00e3o reunidas para tratar da import\u00e2ncia dos povos ind\u00edgenas na mitiga\u00e7\u00e3o clim\u00e1tica, em debate na Confer\u00eancia das Na\u00e7\u00f5es Unidas sobre Mudan\u00e7as Clim\u00e1ticas (COP30).<\/p>\n\n\n\n<p>A \u00e1rea de&nbsp;Pyelito Kue&nbsp;integra a Terra Ind\u00edgena (TI) Iguatemipegu\u00e1 I, sobreposta \u00e0 Fazenda Cachoeira. A regi\u00e3o foi retomada pelos ind\u00edgenas em 3 de novembro.&nbsp;<\/p>\n\n\n\n<p>A comunidade afirma esperar h\u00e1 cerca de 40 anos pela conclus\u00e3o do processo demarcat\u00f3rio.<\/p>\n\n\n\n<p><strong><em>Fonte: Ag\u00eancia Brasil<\/em><\/strong><\/p>\n","protected":false},"excerpt":{"rendered":"<p>A Pol\u00edcia Federal (PF) identificou dois suspeitos de participar de um ataque armado a um grupo de ind\u00edgenas Guarani Kaiow\u00e1,<\/p>\n","protected":false},"author":1,"featured_media":11783,"comment_status":"open","ping_status":"open","sticky":false,"template":"","format":"standard","meta":{"footnotes":""},"categories":[2],"tags":[],"class_list":["post-11782","post","type-post","status-publish","format-standard","has-post-thumbnail","hentry","category-noticias"],"_links":{"self":[{"href":"https:\/\/jornaloalvorada.com.br\/site\/wp-json\/wp\/v2\/posts\/11782","targetHints":{"allow":["GET"]}}],"collection":[{"href":"https:\/\/jornaloalvorada.com.br\/site\/wp-json\/wp\/v2\/posts"}],"about":[{"href":"https:\/\/jornaloalvorada.com.br\/site\/wp-json\/wp\/v2\/types\/post"}],"author":[{"embeddable":true,"href":"https:\/\/jornaloalvorada.com.br\/site\/wp-json\/wp\/v2\/users\/1"}],"replies":[{"embeddable":true,"href":"https:\/\/jornaloalvorada.com.br\/site\/wp-json\/wp\/v2\/comments?post=11782"}],"version-history":[{"count":1,"href":"https:\/\/jornaloalvorada.com.br\/site\/wp-json\/wp\/v2\/posts\/11782\/revisions"}],"predecessor-version":[{"id":11784,"href":"https:\/\/jornaloalvorada.com.br\/site\/wp-json\/wp\/v2\/posts\/11782\/revisions\/11784"}],"wp:featuredmedia":[{"embeddable":true,"href":"https:\/\/jornaloalvorada.com.br\/site\/wp-json\/wp\/v2\/media\/11783"}],"wp:attachment":[{"href":"https:\/\/jornaloalvorada.com.br\/site\/wp-json\/wp\/v2\/media?parent=11782"}],"wp:term":[{"taxonomy":"category","embeddable":true,"href":"https:\/\/jornaloalvorada.com.br\/site\/wp-json\/wp\/v2\/categories?post=11782"},{"taxonomy":"post_tag","embeddable":true,"href":"https:\/\/jornaloalvorada.com.br\/site\/wp-json\/wp\/v2\/tags?post=11782"}],"curies":[{"name":"wp","href":"https:\/\/api.w.org\/{rel}","templated":true}]}}