{"id":11779,"date":"2025-11-18T08:52:24","date_gmt":"2025-11-18T12:52:24","guid":{"rendered":"https:\/\/jornaloalvorada.com.br\/site\/?p=11779"},"modified":"2025-11-18T08:52:26","modified_gmt":"2025-11-18T12:52:26","slug":"brasil-tera-wesley-na-lateral-direita-em-jogo-contra-tunisia-na-terca","status":"publish","type":"post","link":"https:\/\/jornaloalvorada.com.br\/site\/2025\/11\/18\/brasil-tera-wesley-na-lateral-direita-em-jogo-contra-tunisia-na-terca\/","title":{"rendered":"Brasil ter\u00e1 Wesley na lateral-direita em jogo contra Tun\u00edsia na ter\u00e7a"},"content":{"rendered":"\n<p>A sele\u00e7\u00e3o brasileira masculina de futebol ter\u00e1 ao menos duas altera\u00e7\u00f5es no time que entra em campo contra a Tun\u00edsia, \u00e0s 16h30 (hor\u00e1rio de Bras\u00edlia) deste ter\u00e7a-feira (18), no \u00faltimo amistoso do ano, na a Decathlon Arena, em Lille (Fran\u00e7a). O jogador Wesley(Roma\/It\u00e1lia) ser\u00e1 o titular na lateral-direita, substituindo Gabriel Magalh\u00e3es, cortado por conta de les\u00e3o. J\u00e1 \u00c9der Milit\u00e3o retorn\u00e1 \u00e0 zaga, onde&nbsp;atuar\u00e1 junto com Marquinhos. No \u00faltimo s\u00e1bado (15), na vit\u00f3ria contra Senegal (2 a 0), Milit\u00e3o atuou na lateral-direita. Os amistosos s\u00e3o preparat\u00f3rios para a Copa do Mundo de 2026 no Canad\u00e1, M\u00e9xico e Estados Unidos.<img decoding=\"async\" src=\"https:\/\/agenciabrasil.ebc.com.br\/ebc.png?id=1668361&amp;o=node\"><img decoding=\"async\" src=\"https:\/\/agenciabrasil.ebc.com.br\/ebc.gif?id=1668361&amp;o=node\"><\/p>\n\n\n\n<p>A escala\u00e7\u00e3o de Wesley foi anunciada pelo t\u00e9cnico italiano Carlo Ancelotti durante coletiva de imprensa concedida antes do \u00faltimo treino da Amarelinha. O treinador revelou que ainda avalia outras mudan\u00e7as.<\/p>\n\n\n\n<p>\u201cEstamos pensando em fazer alguma mudan\u00e7a para o jogo de amanh\u00e3. Quero avaliar o treino de hoje para ver como os jogadores se recuperaram do esfor\u00e7o no jogo com Senegal. Eles est\u00e3o bem, infelizmente tivemos a les\u00e3o de Gabriel Magalh\u00e3es, vamos substitu\u00ed-lo com Wesley no lado direito. Queremos fazer um bom jogo e seguir na mesma din\u00e2mica contra Senegal, que foi bonito na atitude, intensidade e qualidade\u201d, projetou o t\u00e9cnico, antes do treino fechado \u00e0 imprensa.<\/p>\n\n\n\n<p>Ancelotti disse ainda que a sele\u00e7\u00e3o seguir\u00e1 jogando no esquema 4-2-4, mas varia\u00e7\u00f5es poder\u00e3o ocorrer mediante o desempenho do time em campo.<\/p>\n\n\n\n<p>Temos que ter uma ideia muito clara do que fazer. Deu certo o sistema com muitos na frente, mas tamb\u00e9m temos que pensar uma forma\u00e7\u00e3o mais defensiva como plano B. Gostei do sistema [ofensivo] porque a atitude dos jogadores da frente foi boa, o trabalho que fazem no aspecto defensivo \u00e9 importante para a equipe. Se n\u00e3o fizerem bem, temos duas op\u00e7\u00f5es: mudar o jogador ou o sistema, concluiu.<\/p>\n\n\n\n<p>Ap\u00f3s o confronto contra a Tun\u00edsia, a sele\u00e7\u00e3o volta a se reunir na pr\u00f3xima Data Fifa (mar\u00e7o de 2026), para amistosos contra Fran\u00e7a e Cro\u00e1cia nos Estados Unidos.<\/p>\n\n\n\n<p>A prov\u00e1vel escala\u00e7\u00e3o do Brasil contra a Tun\u00edsia nesta ter\u00e7a (17) deve ser com Ederson, Wesley, \u00c9der Milit\u00e3o, Marquinhos e Alex Sandro; Casemiro e Bruno Guimar\u00e3es; Est\u00eav\u00e3o, Matheus Cunha, Vinicius J\u00fanior&nbsp;e Rodrygo.<\/p>\n\n\n\n<p><strong><em>Fonte: Ag\u00eancia Brasil<\/em><\/strong><\/p>\n","protected":false},"excerpt":{"rendered":"<p>A sele\u00e7\u00e3o brasileira masculina de futebol ter\u00e1 ao menos duas altera\u00e7\u00f5es no time que entra em campo contra a Tun\u00edsia,<\/p>\n","protected":false},"author":1,"featured_media":11780,"comment_status":"open","ping_status":"open","sticky":false,"template":"","format":"standard","meta":{"footnotes":""},"categories":[2],"tags":[],"class_list":["post-11779","post","type-post","status-publish","format-standard","has-post-thumbnail","hentry","category-noticias"],"_links":{"self":[{"href":"https:\/\/jornaloalvorada.com.br\/site\/wp-json\/wp\/v2\/posts\/11779","targetHints":{"allow":["GET"]}}],"collection":[{"href":"https:\/\/jornaloalvorada.com.br\/site\/wp-json\/wp\/v2\/posts"}],"about":[{"href":"https:\/\/jornaloalvorada.com.br\/site\/wp-json\/wp\/v2\/types\/post"}],"author":[{"embeddable":true,"href":"https:\/\/jornaloalvorada.com.br\/site\/wp-json\/wp\/v2\/users\/1"}],"replies":[{"embeddable":true,"href":"https:\/\/jornaloalvorada.com.br\/site\/wp-json\/wp\/v2\/comments?post=11779"}],"version-history":[{"count":1,"href":"https:\/\/jornaloalvorada.com.br\/site\/wp-json\/wp\/v2\/posts\/11779\/revisions"}],"predecessor-version":[{"id":11781,"href":"https:\/\/jornaloalvorada.com.br\/site\/wp-json\/wp\/v2\/posts\/11779\/revisions\/11781"}],"wp:featuredmedia":[{"embeddable":true,"href":"https:\/\/jornaloalvorada.com.br\/site\/wp-json\/wp\/v2\/media\/11780"}],"wp:attachment":[{"href":"https:\/\/jornaloalvorada.com.br\/site\/wp-json\/wp\/v2\/media?parent=11779"}],"wp:term":[{"taxonomy":"category","embeddable":true,"href":"https:\/\/jornaloalvorada.com.br\/site\/wp-json\/wp\/v2\/categories?post=11779"},{"taxonomy":"post_tag","embeddable":true,"href":"https:\/\/jornaloalvorada.com.br\/site\/wp-json\/wp\/v2\/tags?post=11779"}],"curies":[{"name":"wp","href":"https:\/\/api.w.org\/{rel}","templated":true}]}}