{"id":11773,"date":"2025-11-17T08:12:00","date_gmt":"2025-11-17T12:12:00","guid":{"rendered":"https:\/\/jornaloalvorada.com.br\/site\/?p=11773"},"modified":"2025-11-17T10:14:15","modified_gmt":"2025-11-17T14:14:15","slug":"aluna-indigena-conquista-bolsa-integral-de-estudos-e-vai-realizar-sonho-de-cursar-psicologia","status":"publish","type":"post","link":"https:\/\/jornaloalvorada.com.br\/site\/2025\/11\/17\/aluna-indigena-conquista-bolsa-integral-de-estudos-e-vai-realizar-sonho-de-cursar-psicologia\/","title":{"rendered":"Aluna ind\u00edgena conquista bolsa integral de estudos e vai realizar sonho de cursar Psicologia"},"content":{"rendered":"\n<p>A estudante ind\u00edgena de 17 anos, Eliana Benites de Almeida, transformou dedica\u00e7\u00e3o em conquista ao alcan\u00e7ar o primeiro lugar no vestibular exclusivo para servidores p\u00fablicos e dependentes, realizado pela Uniderp em parceria com o Governo do Estado, por interm\u00e9dio da Escolagov (Funda\u00e7\u00e3o Escola de Governo de Mato Grosso do Sul).&nbsp;&nbsp;<\/p>\n\n\n\n<p>Aluna do 3\u00ba ano do Ensino M\u00e9dio na Escola Estadual Ind\u00edgena Angelina Vicente, localizada na Aldeia Brej\u00e3o, em Nioaque, garantiu uma bolsa integral no curso de Psicologia, um passo decisivo para realizar o sonho de ingressar no ensino superior.<\/p>\n\n\n\n<p>A conquista carrega um simbolismo especial, Eliana estuda na mesma escola onde sua m\u00e3e, Joana Galeano Benites, servidora p\u00fablica, atua como agente de limpeza. O resultado representa al\u00e9m do esfor\u00e7o da jovem, o valor da educa\u00e7\u00e3o p\u00fablica e o fortalecimento das comunidades ind\u00edgenas por meio do acesso ao conhecimento e \u00e0s oportunidades.&nbsp;<\/p>\n\n\n\n<p>\u201cQuando recebi a not\u00edcia que tinha ganhado a bolsa, n\u00e3o acreditei. Fiquei sem rea\u00e7\u00e3o por alguns dias. S\u00f3 contei para minha m\u00e3e no dia, ela me abra\u00e7ou e choramos juntas, depois, quando meu familiares e amigos souberam, todos ficaram emocionados\u201d, relembra a estudante.<\/p>\n\n\n\n<p>A aluna da etnia Terena sempre sonhou em cursar Psicologia. \u201cSempre soube que nasci para essa profiss\u00e3o. Sinto prazer em ajudar o pr\u00f3ximo, quero ajudar as pessoas, o m\u00e1ximo de pessoas que eu puder. Essa bolsa vai me permitir realizar esse sonho\u201d, conta.<\/p>\n\n\n\n<p>Mesmo com a rotina intensa do ensino em per\u00edodo integral, Eliana soube equilibrar os estudos regulares com a prepara\u00e7\u00e3o para o vestibular. \u201cEstudava \u00e0 noite e nos fins de semana, mas o que mais me ajudou foi o apoio da escola e dos professores que refor\u00e7am atividades, exemplos de reda\u00e7\u00f5es de anos anteriores, treinam e incentivam. Isso fez toda a diferen\u00e7a\u201d, contou.<\/p>\n\n\n\n<p>A reda\u00e7\u00e3o, que teve como tema&nbsp;<em>\u201cComo a educa\u00e7\u00e3o pode transformar o seu futuro\u201d<\/em>, levou Eliana a refletir sobre a pr\u00f3pria trajet\u00f3ria. \u201cProcurei mostrar que a educa\u00e7\u00e3o vai muito al\u00e9m do conte\u00fado escolar, ela transforma vidas, amplia horizontes e abre portas para o futuro. Cada aprendizado que tive me mostrou que o conhecimento \u00e9 o combust\u00edvel da esperan\u00e7a e do progresso\u201d, destaca a estudante.<\/p>\n\n\n\n<p>A conquista de Eliana n\u00e3o \u00e9 apenas pessoal. Ela simboliza o poder da educa\u00e7\u00e3o como ferramenta de transforma\u00e7\u00e3o social, especialmente quando combinada com oportunidades. \u201cEssa iniciativa do Governo do Estado deu novas oportunidades aos servidores e seus familiares, oferecendo acesso \u00e0 qualifica\u00e7\u00e3o e \u00e0 educa\u00e7\u00e3o. Sou muito grata por essa oportunidade que me permitiu conquistar meu sonho\u201d, ressaltou.<\/p>\n\n\n\n<p>A alegria \u00e9 compartilhada com a m\u00e3e, Joana, e toda a fam\u00edlia. \u201cMinha m\u00e3e ficou muito feliz, todos os meus familiares comemoraram. \u00c9 uma vit\u00f3ria que nos enche de orgulho e esperan\u00e7a para o futuro\u201d, diz Eliana.<\/p>\n\n\n\n<p>Agora, com a bolsa garantida, ela se prepara para iniciar a gradua\u00e7\u00e3o, determinada a transformar o aprendizado em a\u00e7\u00e3o e ajudar o maior n\u00famero poss\u00edvel de pessoas. \u201cQuero estudar, aprender e aplicar o conhecimento para fazer a diferen\u00e7a na vida das pessoas, inclusive na minha comunidade. Esse \u00e9 meu maior objetivo\u201d, conclui.<\/p>\n\n\n\n<p>O resultado do vestibular foi anunciado no Dia do Servidor P\u00fablico, na cerim\u00f4nia de encerramento e premia\u00e7\u00e3o do XX Pr\u00eamio Sul-Mato-Grossense de Inova\u00e7\u00e3o na Gest\u00e3o P\u00fablica.<\/p>\n\n\n\n<p>Al\u00e9m da bolsa integral conquistada pela estudante de Nioaque, o concurso tamb\u00e9m disponibilizou aos participantes descontos de at\u00e9 60% em cursos de gradua\u00e7\u00e3o e 50 bolsas de 50% para cursos presenciais de p\u00f3s-gradua\u00e7\u00e3o&nbsp;<em>lato sensu<\/em>, al\u00e9m de descontos para modalidades h\u00edbridas (15%) e a dist\u00e2ncia (5%), ampliando as oportunidades de acesso ao ensino superior para servidores p\u00fablicos e seus dependentes.&nbsp;<\/p>\n\n\n\n<p>A lista completa dos aprovados e contemplados com bolsas est\u00e1 dispon\u00edvel no&nbsp;link. Mais informa\u00e7\u00f5es sobre a classifica\u00e7\u00e3o e as porcentagens das bolsas podem ser obtidas pelo telefone (67) 99203-2643 ou pelo e-mail&nbsp;<a href=\"mailto:jaqueline.vau@cogna.com.br\" target=\"_blank\" rel=\"noreferrer noopener\">jaqueline.vau@cogna.com.br<\/a>.<\/p>\n\n\n\n<p><strong>Oportunidades de capacita\u00e7\u00e3o<\/strong><\/p>\n\n\n\n<p>A Escolagov tamb\u00e9m disponibiliza, por meio de diversas parcerias com institui\u00e7\u00f5es privadas de ensino, bolsas e descontos no Ensino Superior, al\u00e9m de oportunidades que se estendem \u00e0 forma\u00e7\u00e3o t\u00e9cnica, capacita\u00e7\u00e3o profissional e treinamentos especializados. Conforme listado no site da Escola de Governo, servidores p\u00fablicos estaduais, c\u00f4njuge e seus dependentes t\u00eam acesso a condi\u00e7\u00f5es diferenciadas em cursos de extens\u00e3o, especializa\u00e7\u00e3o e habilita\u00e7\u00e3o t\u00e9cnica promovidos por parceiros conveniados.<\/p>\n\n\n\n<p>Para mais informa\u00e7\u00f5es:&nbsp;<a href=\"http:\/\/www.escolagov.ms.gov.br\/parcerias-e-descontos-3\/\" target=\"_blank\" rel=\"noreferrer noopener\">www.escolagov.ms.gov.br\/parcerias-e-descontos-3<\/a><\/p>\n\n\n\n<p><em>Raquel dos Passos, Comunica\u00e7\u00e3o Escolagov<\/em><\/p>\n","protected":false},"excerpt":{"rendered":"<p>A estudante ind\u00edgena de 17 anos, Eliana Benites de Almeida, transformou dedica\u00e7\u00e3o em conquista ao alcan\u00e7ar o primeiro lugar no<\/p>\n","protected":false},"author":1,"featured_media":11774,"comment_status":"open","ping_status":"open","sticky":false,"template":"","format":"standard","meta":{"footnotes":""},"categories":[2],"tags":[],"class_list":["post-11773","post","type-post","status-publish","format-standard","has-post-thumbnail","hentry","category-noticias"],"_links":{"self":[{"href":"https:\/\/jornaloalvorada.com.br\/site\/wp-json\/wp\/v2\/posts\/11773","targetHints":{"allow":["GET"]}}],"collection":[{"href":"https:\/\/jornaloalvorada.com.br\/site\/wp-json\/wp\/v2\/posts"}],"about":[{"href":"https:\/\/jornaloalvorada.com.br\/site\/wp-json\/wp\/v2\/types\/post"}],"author":[{"embeddable":true,"href":"https:\/\/jornaloalvorada.com.br\/site\/wp-json\/wp\/v2\/users\/1"}],"replies":[{"embeddable":true,"href":"https:\/\/jornaloalvorada.com.br\/site\/wp-json\/wp\/v2\/comments?post=11773"}],"version-history":[{"count":1,"href":"https:\/\/jornaloalvorada.com.br\/site\/wp-json\/wp\/v2\/posts\/11773\/revisions"}],"predecessor-version":[{"id":11775,"href":"https:\/\/jornaloalvorada.com.br\/site\/wp-json\/wp\/v2\/posts\/11773\/revisions\/11775"}],"wp:featuredmedia":[{"embeddable":true,"href":"https:\/\/jornaloalvorada.com.br\/site\/wp-json\/wp\/v2\/media\/11774"}],"wp:attachment":[{"href":"https:\/\/jornaloalvorada.com.br\/site\/wp-json\/wp\/v2\/media?parent=11773"}],"wp:term":[{"taxonomy":"category","embeddable":true,"href":"https:\/\/jornaloalvorada.com.br\/site\/wp-json\/wp\/v2\/categories?post=11773"},{"taxonomy":"post_tag","embeddable":true,"href":"https:\/\/jornaloalvorada.com.br\/site\/wp-json\/wp\/v2\/tags?post=11773"}],"curies":[{"name":"wp","href":"https:\/\/api.w.org\/{rel}","templated":true}]}}