{"id":11764,"date":"2025-11-17T10:09:51","date_gmt":"2025-11-17T14:09:51","guid":{"rendered":"https:\/\/jornaloalvorada.com.br\/site\/?p=11764"},"modified":"2025-11-17T10:09:52","modified_gmt":"2025-11-17T14:09:52","slug":"de-jornalista-a-barista-semana-comeca-com-42-mil-oportunidades-de-emprego-em-ms","status":"publish","type":"post","link":"https:\/\/jornaloalvorada.com.br\/site\/2025\/11\/17\/de-jornalista-a-barista-semana-comeca-com-42-mil-oportunidades-de-emprego-em-ms\/","title":{"rendered":"De jornalista a barista: semana come\u00e7a com 4,2 mil oportunidades de emprego em MS"},"content":{"rendered":"\n<p>Nesta segunda-feira (17), os interessados em ocupar uma das 4,2 mil oportunidades de emprego ofertadas pela <a href=\"https:\/\/midiamax.com.br\/tag\/funtrab\/?utm_source=midianas.com.br&amp;utm_medium=referral&amp;utm_content=portal_primenews&amp;utm_campaign=hotfixpress\" rel=\"noreferrer noopener\" target=\"_blank\">Funtrab<\/a>&nbsp;(Funda\u00e7\u00e3o do Trabalho) podem procurar a casa do trabalho de seus munic\u00edpios a partir das 7h. As oportunidades v\u00e3o desde jornalista a barista, incluindo, ainda, diversas outras \u00e1reas de atua\u00e7\u00e3o.<\/p>\n\n\n\n<p>Do total de vagas, 846 s\u00e3o destinadas a&nbsp;<a href=\"https:\/\/midiamax.com.br\/municipios\/campo-grande\/?utm_source=midianas.com.br&amp;utm_medium=referral&amp;utm_content=portal_primenews&amp;utm_campaign=hotfixpress\" target=\"_blank\" rel=\"noreferrer noopener\">Campo Grande<\/a>. Para verificar as oportunidades dispon\u00edveis na Capital e nas 35 Casas do Trabalhador espalhadas por&nbsp;<a href=\"https:\/\/midiamax.com.br\/tag\/mato-grosso-do-sul\/?utm_source=midianas.com.br&amp;utm_medium=referral&amp;utm_content=portal_primenews&amp;utm_campaign=hotfixpress\" target=\"_blank\" rel=\"noreferrer noopener\">Mato Grosso do Sul<\/a>,<strong><a href=\"https:\/\/www.funtrab.ms.gov.br\/?utm_source=midianas.com.br&amp;utm_medium=referral&amp;utm_content=portal_primenews&amp;utm_campaign=hotfixpress\" target=\"_blank\" rel=\"noreferrer noopener\">clique aqui<\/a>.<\/strong><\/p>\n\n\n\n<p>Os interessados em concorrer a uma vaga ou fazer o pedido do seguro-<a href=\"https:\/\/midiamax.com.br\/tag\/desemprego\/?utm_source=midianas.com.br&amp;utm_medium=referral&amp;utm_content=portal_primenews&amp;utm_campaign=hotfixpress\" target=\"_blank\" rel=\"noreferrer noopener\">desemprego<\/a>&nbsp;devem comparecer \u00e0&nbsp;<a href=\"https:\/\/midiamax.com.br\/tag\/funtrab\/?utm_source=midianas.com.br&amp;utm_medium=referral&amp;utm_content=portal_primenews&amp;utm_campaign=hotfixpress\" target=\"_blank\" rel=\"noreferrer noopener\">Funtrab<\/a>&nbsp;do seu munic\u00edpio, com RG, CPF e Carteira de Trabalho. Em&nbsp;<a href=\"https:\/\/midiamax.com.br\/municipios\/campo-grande\/?utm_source=midianas.com.br&amp;utm_medium=referral&amp;utm_content=portal_primenews&amp;utm_campaign=hotfixpress\" target=\"_blank\" rel=\"noreferrer noopener\">Campo Grande<\/a>, ela est\u00e1 localizada na Rua 13 de Maio, n\u00ba 2.773, no Centro, e funciona das 7h30 \u00e0s 17h.<\/p>\n\n\n\n<h2 class=\"wp-block-heading\" id=\"h-vagas\">Vagas<\/h2>\n\n\n\n<p>As oportunidades s\u00e3o para analista de desenvolvimento de sistemas, arte-finalista, assistente administrativo, assistente de vendas, atendente barista, atendente de balc\u00e3o de caf\u00e9, atendente de cafeteria, auxiliar de cozinha, auxiliar de dentista, desossador, jornalista, mec\u00e2nico, frentista, dentre outros.<\/p>\n\n\n\n<p>Tamb\u00e9m h\u00e1 223 postos de trabalho reservados para PcD (pessoas com defici\u00eancia), incluindo: atendente de lojas e mercados, atendente de padaria, auxiliar administrativo, auxiliar de confec\u00e7\u00e3o, auxiliar de limpeza, auxiliar nos servi\u00e7os de alimenta\u00e7\u00e3o, caixa (<a href=\"https:\/\/midiamax.com.br\/tag\/supermercado\/?utm_source=midianas.com.br&amp;utm_medium=referral&amp;utm_content=portal_primenews&amp;utm_campaign=hotfixpress\" rel=\"noreferrer noopener\" target=\"_blank\">supermercado<\/a>), carpinteiro, eletricista, entre outros.<\/p>\n\n\n\n<p>H\u00e1, ainda, oportunidade de est\u00e1gio para quem cursa ensino m\u00e9dio ou superior, na ocupa\u00e7\u00e3o de auxiliar de engenheiro da constru\u00e7\u00e3o civil.<\/p>\n","protected":false},"excerpt":{"rendered":"<p>Nesta segunda-feira (17), os interessados em ocupar uma das 4,2 mil oportunidades de emprego ofertadas pela Funtrab&nbsp;(Funda\u00e7\u00e3o do Trabalho) podem<\/p>\n","protected":false},"author":1,"featured_media":1354,"comment_status":"open","ping_status":"open","sticky":false,"template":"","format":"standard","meta":{"footnotes":""},"categories":[2],"tags":[],"class_list":["post-11764","post","type-post","status-publish","format-standard","has-post-thumbnail","hentry","category-noticias"],"_links":{"self":[{"href":"https:\/\/jornaloalvorada.com.br\/site\/wp-json\/wp\/v2\/posts\/11764","targetHints":{"allow":["GET"]}}],"collection":[{"href":"https:\/\/jornaloalvorada.com.br\/site\/wp-json\/wp\/v2\/posts"}],"about":[{"href":"https:\/\/jornaloalvorada.com.br\/site\/wp-json\/wp\/v2\/types\/post"}],"author":[{"embeddable":true,"href":"https:\/\/jornaloalvorada.com.br\/site\/wp-json\/wp\/v2\/users\/1"}],"replies":[{"embeddable":true,"href":"https:\/\/jornaloalvorada.com.br\/site\/wp-json\/wp\/v2\/comments?post=11764"}],"version-history":[{"count":1,"href":"https:\/\/jornaloalvorada.com.br\/site\/wp-json\/wp\/v2\/posts\/11764\/revisions"}],"predecessor-version":[{"id":11765,"href":"https:\/\/jornaloalvorada.com.br\/site\/wp-json\/wp\/v2\/posts\/11764\/revisions\/11765"}],"wp:featuredmedia":[{"embeddable":true,"href":"https:\/\/jornaloalvorada.com.br\/site\/wp-json\/wp\/v2\/media\/1354"}],"wp:attachment":[{"href":"https:\/\/jornaloalvorada.com.br\/site\/wp-json\/wp\/v2\/media?parent=11764"}],"wp:term":[{"taxonomy":"category","embeddable":true,"href":"https:\/\/jornaloalvorada.com.br\/site\/wp-json\/wp\/v2\/categories?post=11764"},{"taxonomy":"post_tag","embeddable":true,"href":"https:\/\/jornaloalvorada.com.br\/site\/wp-json\/wp\/v2\/tags?post=11764"}],"curies":[{"name":"wp","href":"https:\/\/api.w.org\/{rel}","templated":true}]}}