{"id":11208,"date":"2025-08-14T18:30:36","date_gmt":"2025-08-14T22:30:36","guid":{"rendered":"https:\/\/jornaloalvorada.com.br\/site\/?p=11208"},"modified":"2025-08-14T18:30:56","modified_gmt":"2025-08-14T22:30:56","slug":"nova-alvorada-do-sul-tera-audiencia-publica-para-discutir-quedas-e-oscilacoes-de-energia-eletrica","status":"publish","type":"post","link":"https:\/\/jornaloalvorada.com.br\/site\/2025\/08\/14\/nova-alvorada-do-sul-tera-audiencia-publica-para-discutir-quedas-e-oscilacoes-de-energia-eletrica\/","title":{"rendered":"Nova Alvorada do Sul ter\u00e1 audi\u00eancia p\u00fablica para discutir quedas e oscila\u00e7\u00f5es de energia el\u00e9trica"},"content":{"rendered":"\n<p>A C\u00e2mara Municipal de Nova Alvorada do Sul realizar\u00e1, no dia 22 de agosto de 2025, uma audi\u00eancia p\u00fablica para tratar das constantes quedas e oscila\u00e7\u00f5es no fornecimento de energia el\u00e9trica no munic\u00edpio.<\/p>\n\n\n\n<p>O encontro acontecer\u00e1 no Plen\u00e1rio S\u00e9rgio Ferraz, a partir das 19h, e contar\u00e1 com a presen\u00e7a de autoridades, representantes da concession\u00e1ria respons\u00e1vel pelo servi\u00e7o e membros da comunidade.<\/p>\n\n\n\n<p>O objetivo \u00e9 abrir espa\u00e7o para que a popula\u00e7\u00e3o possa relatar problemas, cobrar solu\u00e7\u00f5es e debater medidas que garantam mais estabilidade e qualidade no fornecimento de energia. As interrup\u00e7\u00f5es e varia\u00e7\u00f5es na rede el\u00e9trica t\u00eam gerado transtornos para moradores, comerciantes e produtores rurais, causando preju\u00edzos e inseguran\u00e7a.<\/p>\n\n\n\n<p>A C\u00e2mara Municipal destaca que a participa\u00e7\u00e3o popular \u00e9 fundamental para fortalecer o di\u00e1logo e pressionar por melhorias. \u201cQuando a comunidade se une e exp\u00f5e suas dificuldades, as chances de solu\u00e7\u00f5es efetivas aumentam. \u00c9 o momento de todos serem ouvidos\u201d, ressalta a presid\u00eancia do Legislativo.<\/p>\n\n\n\n<p><strong>Data:<\/strong> 22 de agosto de 2025<\/p>\n\n\n\n<p><strong>Hor\u00e1rio:<\/strong> 19h<\/p>\n\n\n\n<p><strong>Local:<\/strong> Plen\u00e1rio S\u00e9rgio Ferraz \u2013 C\u00e2mara Municipal de Nova Alvorada do Sul<\/p>\n\n\n\n<figure class=\"wp-block-image size-full\"><img loading=\"lazy\" decoding=\"async\" width=\"801\" height=\"1000\" src=\"https:\/\/jornaloalvorada.com.br\/site\/wp-content\/uploads\/2025\/08\/energisa.webp\" alt=\"\" class=\"wp-image-11211\" srcset=\"https:\/\/jornaloalvorada.com.br\/site\/wp-content\/uploads\/2025\/08\/energisa.webp 801w, https:\/\/jornaloalvorada.com.br\/site\/wp-content\/uploads\/2025\/08\/energisa-240x300.webp 240w, https:\/\/jornaloalvorada.com.br\/site\/wp-content\/uploads\/2025\/08\/energisa-768x959.webp 768w\" sizes=\"auto, (max-width: 801px) 100vw, 801px\" \/><\/figure>\n","protected":false},"excerpt":{"rendered":"<p>A C\u00e2mara Municipal de Nova Alvorada do Sul realizar\u00e1, no dia 22 de agosto de 2025, uma audi\u00eancia p\u00fablica para<\/p>\n","protected":false},"author":1,"featured_media":11209,"comment_status":"open","ping_status":"open","sticky":false,"template":"","format":"standard","meta":{"footnotes":""},"categories":[2],"tags":[],"class_list":["post-11208","post","type-post","status-publish","format-standard","has-post-thumbnail","hentry","category-noticias"],"_links":{"self":[{"href":"https:\/\/jornaloalvorada.com.br\/site\/wp-json\/wp\/v2\/posts\/11208","targetHints":{"allow":["GET"]}}],"collection":[{"href":"https:\/\/jornaloalvorada.com.br\/site\/wp-json\/wp\/v2\/posts"}],"about":[{"href":"https:\/\/jornaloalvorada.com.br\/site\/wp-json\/wp\/v2\/types\/post"}],"author":[{"embeddable":true,"href":"https:\/\/jornaloalvorada.com.br\/site\/wp-json\/wp\/v2\/users\/1"}],"replies":[{"embeddable":true,"href":"https:\/\/jornaloalvorada.com.br\/site\/wp-json\/wp\/v2\/comments?post=11208"}],"version-history":[{"count":2,"href":"https:\/\/jornaloalvorada.com.br\/site\/wp-json\/wp\/v2\/posts\/11208\/revisions"}],"predecessor-version":[{"id":11212,"href":"https:\/\/jornaloalvorada.com.br\/site\/wp-json\/wp\/v2\/posts\/11208\/revisions\/11212"}],"wp:featuredmedia":[{"embeddable":true,"href":"https:\/\/jornaloalvorada.com.br\/site\/wp-json\/wp\/v2\/media\/11209"}],"wp:attachment":[{"href":"https:\/\/jornaloalvorada.com.br\/site\/wp-json\/wp\/v2\/media?parent=11208"}],"wp:term":[{"taxonomy":"category","embeddable":true,"href":"https:\/\/jornaloalvorada.com.br\/site\/wp-json\/wp\/v2\/categories?post=11208"},{"taxonomy":"post_tag","embeddable":true,"href":"https:\/\/jornaloalvorada.com.br\/site\/wp-json\/wp\/v2\/tags?post=11208"}],"curies":[{"name":"wp","href":"https:\/\/api.w.org\/{rel}","templated":true}]}}