{"id":11204,"date":"2025-08-14T11:39:33","date_gmt":"2025-08-14T15:39:33","guid":{"rendered":"https:\/\/jornaloalvorada.com.br\/site\/?p=11204"},"modified":"2025-08-14T11:39:35","modified_gmt":"2025-08-14T15:39:35","slug":"deputado-estadual-ze-teixeira-e-seu-assessor-fernando-butina-visita-a-sede-da-policia-militar-de-nova-alvorada-do-sul","status":"publish","type":"post","link":"https:\/\/jornaloalvorada.com.br\/site\/2025\/08\/14\/deputado-estadual-ze-teixeira-e-seu-assessor-fernando-butina-visita-a-sede-da-policia-militar-de-nova-alvorada-do-sul\/","title":{"rendered":"Deputado Estadual Z\u00e9 Teixeira e seu assessor Fernando Butina, visita a sede da Pol\u00edcia Militar de Nova Alvorada do Sul"},"content":{"rendered":"\n<p>Nesta tarde (13) recebemos a visita institucional do Deputado Estadual Z\u00e9 Teixeira e do seu assessor Fernando Butina, \u00e0 sede da Pol\u00edcia Militar de Nova Alvorada do Sul.<\/p>\n\n\n\n<p>O encontro foi marcado por um di\u00e1logo produtivo, com a\u00e7\u00f5es voltadas \u00e0 promo\u00e7\u00e3o da seguran\u00e7a.<\/p>\n\n\n\n<p>A presen\u00e7a simboliza o reconhecimento da relev\u00e2ncia do trabalho desenvolvido pela Pol\u00edcia Militar em Nova Alvorada do Sul, al\u00e9m de destacar o papel essencial no fortalecimento das estruturas de seguran\u00e7a em nosso munic\u00edpio.<br>Na ocasi\u00e3o, o Deputado foi presenteado com uma lembran\u00e7a institucional: uma caneca da Pol\u00edcia Militar, como gesto de apre\u00e7o e respeito pela parceria.<\/p>\n\n\n\n<p>Sob o comando do Tenente Raphael Penzo Neves, a Pol\u00edcia Militar tem se destacado com uma atua\u00e7\u00e3o integrada, bem como a proximidade com a comunidade e os Poderes P\u00fablicos.<\/p>\n\n\n\n<p>A visita institucional refor\u00e7a que, por meio do di\u00e1logo e da coopera\u00e7\u00e3o entre as institui\u00e7\u00f5es, seguimos avan\u00e7ando com firmeza na miss\u00e3o de servir e proteger.<\/p>\n","protected":false},"excerpt":{"rendered":"<p>Nesta tarde (13) recebemos a visita institucional do Deputado Estadual Z\u00e9 Teixeira e do seu assessor Fernando Butina, \u00e0 sede<\/p>\n","protected":false},"author":1,"featured_media":11205,"comment_status":"open","ping_status":"open","sticky":false,"template":"","format":"standard","meta":{"footnotes":""},"categories":[2],"tags":[],"class_list":["post-11204","post","type-post","status-publish","format-standard","has-post-thumbnail","hentry","category-noticias"],"_links":{"self":[{"href":"https:\/\/jornaloalvorada.com.br\/site\/wp-json\/wp\/v2\/posts\/11204","targetHints":{"allow":["GET"]}}],"collection":[{"href":"https:\/\/jornaloalvorada.com.br\/site\/wp-json\/wp\/v2\/posts"}],"about":[{"href":"https:\/\/jornaloalvorada.com.br\/site\/wp-json\/wp\/v2\/types\/post"}],"author":[{"embeddable":true,"href":"https:\/\/jornaloalvorada.com.br\/site\/wp-json\/wp\/v2\/users\/1"}],"replies":[{"embeddable":true,"href":"https:\/\/jornaloalvorada.com.br\/site\/wp-json\/wp\/v2\/comments?post=11204"}],"version-history":[{"count":1,"href":"https:\/\/jornaloalvorada.com.br\/site\/wp-json\/wp\/v2\/posts\/11204\/revisions"}],"predecessor-version":[{"id":11206,"href":"https:\/\/jornaloalvorada.com.br\/site\/wp-json\/wp\/v2\/posts\/11204\/revisions\/11206"}],"wp:featuredmedia":[{"embeddable":true,"href":"https:\/\/jornaloalvorada.com.br\/site\/wp-json\/wp\/v2\/media\/11205"}],"wp:attachment":[{"href":"https:\/\/jornaloalvorada.com.br\/site\/wp-json\/wp\/v2\/media?parent=11204"}],"wp:term":[{"taxonomy":"category","embeddable":true,"href":"https:\/\/jornaloalvorada.com.br\/site\/wp-json\/wp\/v2\/categories?post=11204"},{"taxonomy":"post_tag","embeddable":true,"href":"https:\/\/jornaloalvorada.com.br\/site\/wp-json\/wp\/v2\/tags?post=11204"}],"curies":[{"name":"wp","href":"https:\/\/api.w.org\/{rel}","templated":true}]}}