{"id":11200,"date":"2025-08-13T18:09:47","date_gmt":"2025-08-13T22:09:47","guid":{"rendered":"https:\/\/jornaloalvorada.com.br\/site\/?p=11200"},"modified":"2025-08-13T18:09:50","modified_gmt":"2025-08-13T22:09:50","slug":"prefeitura-e-secretaria-de-saude-realizou-na-segunda-feira-12-a-administracao-de-vitamina-a-em-criancas-com-idade-entre-1-ano-e-4-anos","status":"publish","type":"post","link":"https:\/\/jornaloalvorada.com.br\/site\/2025\/08\/13\/prefeitura-e-secretaria-de-saude-realizou-na-segunda-feira-12-a-administracao-de-vitamina-a-em-criancas-com-idade-entre-1-ano-e-4-anos\/","title":{"rendered":"Prefeitura e Secretaria de Sa\u00fade realizou na segunda-feira (12) a administra\u00e7\u00e3o de Vitamina A em crian\u00e7as com idade entre 1 ano e 4 anos"},"content":{"rendered":"\n<p>A Prefeitura Municipal, por meio da Secretaria de Sa\u00fade, realizou nesta segunda-feira (12) a administra\u00e7\u00e3o de Vitamina A nas crian\u00e7as com idade entre 1 ano e 4 anos, 11 meses e 29 dias, no CEMEI Municipal Rosalvo da Rocha Rodrigues \u2013 Extens\u00e3o Maria Aparecida Medeiros Alves, no distrito Pana.<\/p>\n\n\n\n<p>A a\u00e7\u00e3o foi conduzida pela equipe da ESF Joaquim Alves Bernardes. A Vitamina A \u00e9 fundamental para o desenvolvimento saud\u00e1vel e o fortalecimento do sistema imunol\u00f3gico das crian\u00e7as, contribuindo para o crescimento e preven\u00e7\u00e3o de doen\u00e7as.<\/p>\n\n\n\n<p>A aplica\u00e7\u00e3o seguir\u00e1 sendo realizada pelos profissionais nos dias 15 e 18 de agosto, garantindo que todas as crian\u00e7as dentro da faixa et\u00e1ria recomendada recebam a suplementa\u00e7\u00e3o.<\/p>\n","protected":false},"excerpt":{"rendered":"<p>A Prefeitura Municipal, por meio da Secretaria de Sa\u00fade, realizou nesta segunda-feira (12) a administra\u00e7\u00e3o de Vitamina A nas crian\u00e7as<\/p>\n","protected":false},"author":1,"featured_media":11201,"comment_status":"open","ping_status":"open","sticky":false,"template":"","format":"standard","meta":{"footnotes":""},"categories":[2],"tags":[],"class_list":["post-11200","post","type-post","status-publish","format-standard","has-post-thumbnail","hentry","category-noticias"],"_links":{"self":[{"href":"https:\/\/jornaloalvorada.com.br\/site\/wp-json\/wp\/v2\/posts\/11200","targetHints":{"allow":["GET"]}}],"collection":[{"href":"https:\/\/jornaloalvorada.com.br\/site\/wp-json\/wp\/v2\/posts"}],"about":[{"href":"https:\/\/jornaloalvorada.com.br\/site\/wp-json\/wp\/v2\/types\/post"}],"author":[{"embeddable":true,"href":"https:\/\/jornaloalvorada.com.br\/site\/wp-json\/wp\/v2\/users\/1"}],"replies":[{"embeddable":true,"href":"https:\/\/jornaloalvorada.com.br\/site\/wp-json\/wp\/v2\/comments?post=11200"}],"version-history":[{"count":1,"href":"https:\/\/jornaloalvorada.com.br\/site\/wp-json\/wp\/v2\/posts\/11200\/revisions"}],"predecessor-version":[{"id":11202,"href":"https:\/\/jornaloalvorada.com.br\/site\/wp-json\/wp\/v2\/posts\/11200\/revisions\/11202"}],"wp:featuredmedia":[{"embeddable":true,"href":"https:\/\/jornaloalvorada.com.br\/site\/wp-json\/wp\/v2\/media\/11201"}],"wp:attachment":[{"href":"https:\/\/jornaloalvorada.com.br\/site\/wp-json\/wp\/v2\/media?parent=11200"}],"wp:term":[{"taxonomy":"category","embeddable":true,"href":"https:\/\/jornaloalvorada.com.br\/site\/wp-json\/wp\/v2\/categories?post=11200"},{"taxonomy":"post_tag","embeddable":true,"href":"https:\/\/jornaloalvorada.com.br\/site\/wp-json\/wp\/v2\/tags?post=11200"}],"curies":[{"name":"wp","href":"https:\/\/api.w.org\/{rel}","templated":true}]}}