{"id":11189,"date":"2025-08-13T09:28:35","date_gmt":"2025-08-13T13:28:35","guid":{"rendered":"https:\/\/jornaloalvorada.com.br\/site\/?p=11189"},"modified":"2025-08-13T09:28:37","modified_gmt":"2025-08-13T13:28:37","slug":"orgaos-da-prefeitura-e-pm-realizaram-palestra-em-escolas-sobre-a-importancia-de-prevenir-e-denunciar-a-violencia-contra-a-mulher","status":"publish","type":"post","link":"https:\/\/jornaloalvorada.com.br\/site\/2025\/08\/13\/orgaos-da-prefeitura-e-pm-realizaram-palestra-em-escolas-sobre-a-importancia-de-prevenir-e-denunciar-a-violencia-contra-a-mulher\/","title":{"rendered":"\u00d3rg\u00e3os da prefeitura e PM realizaram palestra em escolas sobre a import\u00e2ncia de prevenir e denunciar a viol\u00eancia contra a mulher"},"content":{"rendered":"\n<p>A Coordenadoria de Pol\u00edticas P\u00fablicas para Mulheres, a equipe da Sala Lil\u00e1s, o Promuse e a Pol\u00edcia Militar realizaram palestra nas Escolas Municipais Professora L\u00e9ia de Souza Silva e Leonor de Souza Ara\u00fajo, levando informa\u00e7\u00f5es e orienta\u00e7\u00f5es sobre a import\u00e2ncia de prevenir e denunciar a viol\u00eancia contra a mulher.<\/p>\n\n\n\n<p>Durante todo o m\u00eas de agosto, diversas a\u00e7\u00f5es est\u00e3o acontecendo em todo o munic\u00edpio, com foco na conscientiza\u00e7\u00e3o, no acolhimento e na prote\u00e7\u00e3o das mulheres.<\/p>\n\n\n\n<p><img loading=\"lazy\" decoding=\"async\" height=\"16\" width=\"16\" alt=\"\ud83d\udce2\" src=\"https:\/\/static.xx.fbcdn.net\/images\/emoji.php\/v9\/t39\/1\/16\/1f4e2.png\"> Viol\u00eancia contra a mulher \u00e9 crime. Denuncie!<\/p>\n\n\n\n<p><img loading=\"lazy\" decoding=\"async\" height=\"16\" width=\"16\" alt=\"\ud83d\udcde\" src=\"https:\/\/static.xx.fbcdn.net\/images\/emoji.php\/v9\/t4d\/1\/16\/1f4de.png\"> Ligue 180<\/p>\n","protected":false},"excerpt":{"rendered":"<p>A Coordenadoria de Pol\u00edticas P\u00fablicas para Mulheres, a equipe da Sala Lil\u00e1s, o Promuse e a Pol\u00edcia Militar realizaram palestra<\/p>\n","protected":false},"author":1,"featured_media":11190,"comment_status":"open","ping_status":"open","sticky":false,"template":"","format":"standard","meta":{"footnotes":""},"categories":[2],"tags":[],"class_list":["post-11189","post","type-post","status-publish","format-standard","has-post-thumbnail","hentry","category-noticias"],"_links":{"self":[{"href":"https:\/\/jornaloalvorada.com.br\/site\/wp-json\/wp\/v2\/posts\/11189","targetHints":{"allow":["GET"]}}],"collection":[{"href":"https:\/\/jornaloalvorada.com.br\/site\/wp-json\/wp\/v2\/posts"}],"about":[{"href":"https:\/\/jornaloalvorada.com.br\/site\/wp-json\/wp\/v2\/types\/post"}],"author":[{"embeddable":true,"href":"https:\/\/jornaloalvorada.com.br\/site\/wp-json\/wp\/v2\/users\/1"}],"replies":[{"embeddable":true,"href":"https:\/\/jornaloalvorada.com.br\/site\/wp-json\/wp\/v2\/comments?post=11189"}],"version-history":[{"count":1,"href":"https:\/\/jornaloalvorada.com.br\/site\/wp-json\/wp\/v2\/posts\/11189\/revisions"}],"predecessor-version":[{"id":11191,"href":"https:\/\/jornaloalvorada.com.br\/site\/wp-json\/wp\/v2\/posts\/11189\/revisions\/11191"}],"wp:featuredmedia":[{"embeddable":true,"href":"https:\/\/jornaloalvorada.com.br\/site\/wp-json\/wp\/v2\/media\/11190"}],"wp:attachment":[{"href":"https:\/\/jornaloalvorada.com.br\/site\/wp-json\/wp\/v2\/media?parent=11189"}],"wp:term":[{"taxonomy":"category","embeddable":true,"href":"https:\/\/jornaloalvorada.com.br\/site\/wp-json\/wp\/v2\/categories?post=11189"},{"taxonomy":"post_tag","embeddable":true,"href":"https:\/\/jornaloalvorada.com.br\/site\/wp-json\/wp\/v2\/tags?post=11189"}],"curies":[{"name":"wp","href":"https:\/\/api.w.org\/{rel}","templated":true}]}}