{"id":11181,"date":"2025-08-12T10:01:27","date_gmt":"2025-08-12T14:01:27","guid":{"rendered":"https:\/\/jornaloalvorada.com.br\/site\/?p=11181"},"modified":"2025-08-12T10:01:29","modified_gmt":"2025-08-12T14:01:29","slug":"prefeito-se-reune-com-comandante-do-15-batalhao-da-policia-militar-tenente-coronel-nelson-v-tolotti","status":"publish","type":"post","link":"https:\/\/jornaloalvorada.com.br\/site\/2025\/08\/12\/prefeito-se-reune-com-comandante-do-15-batalhao-da-policia-militar-tenente-coronel-nelson-v-tolotti\/","title":{"rendered":"Prefeito se re\u00fane com Comandante do 15\u00b0 Batalh\u00e3o da Pol\u00edcia Militar, Tenente Coronel Nelson V. Tolotti"},"content":{"rendered":"\n<p>Iniciando os trabalhos desta ter\u00e7a-feira, reunido com o Comandante do 15\u00b0 Batalh\u00e3o da Pol\u00edcia Militar, Tenente Coronel Nelson V. Tolotti, acompanhado do 1\u00b0 Tenente Raphael Penzo Neves e a pauta \u00e9 seguran\u00e7a p\u00fablica de Nova Alvorada do Sul.<\/p>\n\n\n\n<p>Quero agradecer a todo equipe da pol\u00edcia militar, pela lembran\u00e7a que recebemos em forma de reconhecimento pela parceria que n\u00f3s temos com esta importante institui\u00e7\u00e3o no nosso munic\u00edpio. Juntos somos mais fortes!<\/p>\n","protected":false},"excerpt":{"rendered":"<p>Iniciando os trabalhos desta ter\u00e7a-feira, reunido com o Comandante do 15\u00b0 Batalh\u00e3o da Pol\u00edcia Militar, Tenente Coronel Nelson V. Tolotti,<\/p>\n","protected":false},"author":1,"featured_media":11182,"comment_status":"open","ping_status":"open","sticky":false,"template":"","format":"standard","meta":{"footnotes":""},"categories":[2],"tags":[],"class_list":["post-11181","post","type-post","status-publish","format-standard","has-post-thumbnail","hentry","category-noticias"],"_links":{"self":[{"href":"https:\/\/jornaloalvorada.com.br\/site\/wp-json\/wp\/v2\/posts\/11181","targetHints":{"allow":["GET"]}}],"collection":[{"href":"https:\/\/jornaloalvorada.com.br\/site\/wp-json\/wp\/v2\/posts"}],"about":[{"href":"https:\/\/jornaloalvorada.com.br\/site\/wp-json\/wp\/v2\/types\/post"}],"author":[{"embeddable":true,"href":"https:\/\/jornaloalvorada.com.br\/site\/wp-json\/wp\/v2\/users\/1"}],"replies":[{"embeddable":true,"href":"https:\/\/jornaloalvorada.com.br\/site\/wp-json\/wp\/v2\/comments?post=11181"}],"version-history":[{"count":1,"href":"https:\/\/jornaloalvorada.com.br\/site\/wp-json\/wp\/v2\/posts\/11181\/revisions"}],"predecessor-version":[{"id":11183,"href":"https:\/\/jornaloalvorada.com.br\/site\/wp-json\/wp\/v2\/posts\/11181\/revisions\/11183"}],"wp:featuredmedia":[{"embeddable":true,"href":"https:\/\/jornaloalvorada.com.br\/site\/wp-json\/wp\/v2\/media\/11182"}],"wp:attachment":[{"href":"https:\/\/jornaloalvorada.com.br\/site\/wp-json\/wp\/v2\/media?parent=11181"}],"wp:term":[{"taxonomy":"category","embeddable":true,"href":"https:\/\/jornaloalvorada.com.br\/site\/wp-json\/wp\/v2\/categories?post=11181"},{"taxonomy":"post_tag","embeddable":true,"href":"https:\/\/jornaloalvorada.com.br\/site\/wp-json\/wp\/v2\/tags?post=11181"}],"curies":[{"name":"wp","href":"https:\/\/api.w.org\/{rel}","templated":true}]}}