{"id":11161,"date":"2025-08-06T09:16:28","date_gmt":"2025-08-06T13:16:28","guid":{"rendered":"https:\/\/jornaloalvorada.com.br\/site\/?p=11161"},"modified":"2025-08-06T09:16:30","modified_gmt":"2025-08-06T13:16:30","slug":"com-manha-gelada-de-11c-calor-retorna-gradativamente-em-ms","status":"publish","type":"post","link":"https:\/\/jornaloalvorada.com.br\/site\/2025\/08\/06\/com-manha-gelada-de-11c-calor-retorna-gradativamente-em-ms\/","title":{"rendered":"Com manh\u00e3 gelada de 11\u00b0C, calor retorna gradativamente em MS"},"content":{"rendered":"\n<p>O calor retorna gradativamente em <a href=\"https:\/\/midiamax.uol.com.br\/tag\/mato-grosso-do-sul\/?utm_source=midianas.com.br&amp;utm_medium=referral&amp;utm_content=portal_primenews&amp;utm_campaign=hotfixpress\" rel=\"noreferrer noopener\" target=\"_blank\">Mato Grosso do Sul<\/a>, nesta quarta-feira (6), com&nbsp;<a href=\"https:\/\/midiamax.uol.com.br\/tag\/maxima\/?utm_source=midianas.com.br&amp;utm_medium=referral&amp;utm_content=portal_primenews&amp;utm_campaign=hotfixpress\" rel=\"noreferrer noopener\" target=\"_blank\">m\u00e1xima<\/a>&nbsp;prevista de 30\u00b0C. Apesar da manh\u00e3 gelada, com m\u00ednima de 11\u00b0C em v\u00e1rias cidades, conforme o&nbsp;<a href=\"https:\/\/midiamax.uol.com.br\/tag\/inmet\/?utm_source=midianas.com.br&amp;utm_medium=referral&amp;utm_content=portal_primenews&amp;utm_campaign=hotfixpress\" rel=\"noreferrer noopener\" target=\"_blank\">Inmet<\/a>&nbsp;(Instituto Nacional de Meteorologia), o dia ser\u00e1 de sol entre nuvens.<\/p>\n\n\n\n<p>De acordo com o Inmet, houve registro de temperaturas geladas em Maracaju (11,2\u00b0C),&nbsp;<a href=\"https:\/\/midiamax.uol.com.br\/municipios\/agua-clara\/?utm_source=midianas.com.br&amp;utm_medium=referral&amp;utm_content=portal_primenews&amp;utm_campaign=hotfixpress\" rel=\"noreferrer noopener\" target=\"_blank\">\u00c1gua Clara<\/a>&nbsp;(11,2\u00b0C), Para\u00edso das \u00c1guas (11,1\u00b0C), Nova Alvorada do Sul (11,5\u00b0C), Sidrol\u00e2ndia (11,4\u00b0C), Santa Rita do Pardo (11,5\u00b0C) e&nbsp;<a href=\"https:\/\/midiamax.uol.com.br\/municipios\/corumba\/?utm_source=midianas.com.br&amp;utm_medium=referral&amp;utm_content=portal_primenews&amp;utm_campaign=hotfixpress\" rel=\"noreferrer noopener\" target=\"_blank\">Corumb\u00e1<\/a>\/Fazenda Campo Z\u00e9lia (11,4\u00b0C).<\/p>\n\n\n\n<p>Sendo assim, a previs\u00e3o indica tempo com sol e varia\u00e7\u00e3o de nebulosidade. Essa condi\u00e7\u00e3o meteorol\u00f3gica est\u00e1 associada \u00e0 atua\u00e7\u00e3o de um sistema de alta press\u00e3o atmosf\u00e9rica. Por\u00e9m, n\u00e3o se descarta aumento de nebulosidade e possibilidade de chuvas e tempestades isoladas devido ao deslocamento de cavados.<\/p>\n\n\n\n<p>Campo Grande amanhece com m\u00ednima de 17\u00b0C e deve chegar a 25\u00b0C. Dourados e Anauril\u00e2ndia t\u00eam m\u00ednima de 15 e 16\u00b0C e m\u00e1xima de 24 a 27\u00b0C. Ao sul, Ponta Por\u00e3 e Iguatemi marcam m\u00ednima de 13 e 15\u00b0C e m\u00e1xima de 22 a 24\u00b0C, com sol entre nuvens.<\/p>\n\n\n\n<p>Na regi\u00e3o sudeste e pantaneira, em Porto Murtinho e Corumb\u00e1, o dia ser\u00e1 de sol entre nuvens, com m\u00ednima de 16 a 19\u00b0C e m\u00e1xima de 24 a 26\u00b0C. J\u00e1 na regi\u00e3o norte e do Bols\u00e3o, Coxim e Tr\u00eas Lagoas variam a m\u00ednima de 15 a 17\u00b0C e m\u00e1xima de 30 a 28\u00b0C, respectivamente.<\/p>\n\n\n\n<figure class=\"wp-block-image\"><img decoding=\"async\" src=\"https:\/\/cdn.midiamax.com.br\/wp-content\/uploads\/2025\/08\/Captura-de-tela-2025-08-06-063137.png\" alt=\"\" class=\"wp-image-2256545\"\/><\/figure>\n\n\n\n<h2 class=\"wp-block-heading\" id=\"h-fale-com-os-jornalistas-do-midiamax\"><\/h2>\n\n\n\n<p><strong><em>Fonte: MidiaNas<\/em><\/strong><\/p>\n\n\n\n<p><\/p>\n","protected":false},"excerpt":{"rendered":"<p>O calor retorna gradativamente em Mato Grosso do Sul, nesta quarta-feira (6), com&nbsp;m\u00e1xima&nbsp;prevista de 30\u00b0C. Apesar da manh\u00e3 gelada, com<\/p>\n","protected":false},"author":1,"featured_media":11162,"comment_status":"open","ping_status":"open","sticky":false,"template":"","format":"standard","meta":{"footnotes":""},"categories":[2],"tags":[],"class_list":["post-11161","post","type-post","status-publish","format-standard","has-post-thumbnail","hentry","category-noticias"],"_links":{"self":[{"href":"https:\/\/jornaloalvorada.com.br\/site\/wp-json\/wp\/v2\/posts\/11161","targetHints":{"allow":["GET"]}}],"collection":[{"href":"https:\/\/jornaloalvorada.com.br\/site\/wp-json\/wp\/v2\/posts"}],"about":[{"href":"https:\/\/jornaloalvorada.com.br\/site\/wp-json\/wp\/v2\/types\/post"}],"author":[{"embeddable":true,"href":"https:\/\/jornaloalvorada.com.br\/site\/wp-json\/wp\/v2\/users\/1"}],"replies":[{"embeddable":true,"href":"https:\/\/jornaloalvorada.com.br\/site\/wp-json\/wp\/v2\/comments?post=11161"}],"version-history":[{"count":1,"href":"https:\/\/jornaloalvorada.com.br\/site\/wp-json\/wp\/v2\/posts\/11161\/revisions"}],"predecessor-version":[{"id":11163,"href":"https:\/\/jornaloalvorada.com.br\/site\/wp-json\/wp\/v2\/posts\/11161\/revisions\/11163"}],"wp:featuredmedia":[{"embeddable":true,"href":"https:\/\/jornaloalvorada.com.br\/site\/wp-json\/wp\/v2\/media\/11162"}],"wp:attachment":[{"href":"https:\/\/jornaloalvorada.com.br\/site\/wp-json\/wp\/v2\/media?parent=11161"}],"wp:term":[{"taxonomy":"category","embeddable":true,"href":"https:\/\/jornaloalvorada.com.br\/site\/wp-json\/wp\/v2\/categories?post=11161"},{"taxonomy":"post_tag","embeddable":true,"href":"https:\/\/jornaloalvorada.com.br\/site\/wp-json\/wp\/v2\/tags?post=11161"}],"curies":[{"name":"wp","href":"https:\/\/api.w.org\/{rel}","templated":true}]}}