{"id":11150,"date":"2025-08-05T09:02:42","date_gmt":"2025-08-05T13:02:42","guid":{"rendered":"https:\/\/jornaloalvorada.com.br\/site\/?p=11150"},"modified":"2025-08-05T09:02:43","modified_gmt":"2025-08-05T13:02:43","slug":"coordenadoria-da-mulher-de-nova-alvorada-do-sul-inicia-a-campanha-agosto-lilas","status":"publish","type":"post","link":"https:\/\/jornaloalvorada.com.br\/site\/2025\/08\/05\/coordenadoria-da-mulher-de-nova-alvorada-do-sul-inicia-a-campanha-agosto-lilas\/","title":{"rendered":"Coordenadoria da Mulher de Nova Alvorada do Sul inicia a campanha Agosto Lil\u00e1s"},"content":{"rendered":"\n<p>Na manh\u00e3 de segunda-feira (4), a Coordenadoria da Mulher deu inicio a campanha Agosto Lil\u00e1s, durante o encontro de forma\u00e7\u00e3o para servidores da Educa\u00e7\u00e3o.<\/p>\n\n\n\n<p>A campanha tem o m\u00eas dedicado a a\u00e7\u00f5es de conscientiza\u00e7\u00f5es e ao enfrentamento da viol\u00eancia contra a mulher.<\/p>\n\n\n\n<p>A a\u00e7\u00e3o aconteceu durante o evento para servidores administrativos das escolas municipais, promovendo reflex\u00e3o e conscientiza\u00e7\u00e3o sobre os direitos das mulheres e o combate \u00e0 viol\u00eancia dom\u00e9stica.<\/p>\n\n\n\n<p>O encontro contou com palestra do Promotor de Justi\u00e7a Dr. Maur\u00edcio Mecelis e da Advogada Rayana Benedita da Cruz Furquim, que integra o Conselho Municipal dos Direitos da Mulher.<\/p>\n","protected":false},"excerpt":{"rendered":"<p>Na manh\u00e3 de segunda-feira (4), a Coordenadoria da Mulher deu inicio a campanha Agosto Lil\u00e1s, durante o encontro de forma\u00e7\u00e3o<\/p>\n","protected":false},"author":1,"featured_media":11151,"comment_status":"open","ping_status":"open","sticky":false,"template":"","format":"standard","meta":{"footnotes":""},"categories":[2],"tags":[],"class_list":["post-11150","post","type-post","status-publish","format-standard","has-post-thumbnail","hentry","category-noticias"],"_links":{"self":[{"href":"https:\/\/jornaloalvorada.com.br\/site\/wp-json\/wp\/v2\/posts\/11150","targetHints":{"allow":["GET"]}}],"collection":[{"href":"https:\/\/jornaloalvorada.com.br\/site\/wp-json\/wp\/v2\/posts"}],"about":[{"href":"https:\/\/jornaloalvorada.com.br\/site\/wp-json\/wp\/v2\/types\/post"}],"author":[{"embeddable":true,"href":"https:\/\/jornaloalvorada.com.br\/site\/wp-json\/wp\/v2\/users\/1"}],"replies":[{"embeddable":true,"href":"https:\/\/jornaloalvorada.com.br\/site\/wp-json\/wp\/v2\/comments?post=11150"}],"version-history":[{"count":1,"href":"https:\/\/jornaloalvorada.com.br\/site\/wp-json\/wp\/v2\/posts\/11150\/revisions"}],"predecessor-version":[{"id":11152,"href":"https:\/\/jornaloalvorada.com.br\/site\/wp-json\/wp\/v2\/posts\/11150\/revisions\/11152"}],"wp:featuredmedia":[{"embeddable":true,"href":"https:\/\/jornaloalvorada.com.br\/site\/wp-json\/wp\/v2\/media\/11151"}],"wp:attachment":[{"href":"https:\/\/jornaloalvorada.com.br\/site\/wp-json\/wp\/v2\/media?parent=11150"}],"wp:term":[{"taxonomy":"category","embeddable":true,"href":"https:\/\/jornaloalvorada.com.br\/site\/wp-json\/wp\/v2\/categories?post=11150"},{"taxonomy":"post_tag","embeddable":true,"href":"https:\/\/jornaloalvorada.com.br\/site\/wp-json\/wp\/v2\/tags?post=11150"}],"curies":[{"name":"wp","href":"https:\/\/api.w.org\/{rel}","templated":true}]}}