{"id":11137,"date":"2025-08-04T08:16:54","date_gmt":"2025-08-04T12:16:54","guid":{"rendered":"https:\/\/jornaloalvorada.com.br\/site\/?p=11137"},"modified":"2025-08-04T08:16:57","modified_gmt":"2025-08-04T12:16:57","slug":"festival-de-inverno-de-bonito-tera-gerenciamento-de-residuos-solidos-e-acoes-de-descarbonizacao","status":"publish","type":"post","link":"https:\/\/jornaloalvorada.com.br\/site\/2025\/08\/04\/festival-de-inverno-de-bonito-tera-gerenciamento-de-residuos-solidos-e-acoes-de-descarbonizacao\/","title":{"rendered":"Festival de Inverno de Bonito ter\u00e1 gerenciamento de res\u00edduos s\u00f3lidos e a\u00e7\u00f5es de descarboniza\u00e7\u00e3o"},"content":{"rendered":"\n<p>O Festival de Inverno de Bonito 2025, que acontece de 20 a 24 de agosto na cidade de Bonito, vai mais uma vez contar com o gerenciamento de res\u00edduos s\u00f3lidos e a\u00e7\u00f5es de descarboniza\u00e7\u00e3o na cidade. Todo o processo vai ser liderado pela Ciclo Azul.<\/p>\n\n\n\n<p>Com foco na redu\u00e7\u00e3o do impacto ambiental, a Ciclo Azul lidera o gerenciamento de res\u00edduos s\u00f3lidos durante o Festival, buscando maximizar o desvio de materiais de aterros e lix\u00f5es, fortalecendo a rede local de catadores, cooperativas e empreendedores da economia circular.<\/p>\n\n\n\n<p>Al\u00e9m da gest\u00e3o de res\u00edduos, a startup realiza a\u00e7\u00f5es de descarboniza\u00e7\u00e3o com foco na preserva\u00e7\u00e3o dos rios da regi\u00e3o, por meio do plantio de mudas nativas e monitoramento de \u00e1reas estrat\u00e9gicas, promovendo restaura\u00e7\u00e3o ecol\u00f3gica e equil\u00edbrio clim\u00e1tico.<\/p>\n\n\n\n<p>Fundada por moradores de Bonito, a Ciclo Azul \u00e9 uma startup socioambiental que desenvolve solu\u00e7\u00f5es baseadas em ci\u00eancia e tecnologia para promover pr\u00e1ticas sustent\u00e1veis, proteger os ecossistemas locais e impulsionar o desenvolvimento circular no cora\u00e7\u00e3o do Pantanal.<\/p>\n\n\n\n<figure class=\"wp-block-image\"><a href=\"https:\/\/agenciadenoticias.ms.gov.br\/wp-content\/uploads\/2024\/08\/Foto-Alvaro-Rezende-3.jpg\"><img decoding=\"async\" src=\"https:\/\/agenciadenoticias.ms.gov.br\/wp-content\/uploads\/2024\/08\/Foto-Alvaro-Rezende-3.jpg\" alt=\"\"\/><\/a><\/figure>\n\n\n\n<figure class=\"wp-block-image\"><a href=\"https:\/\/agenciadenoticias.ms.gov.br\/wp-content\/uploads\/2024\/08\/Foto-Alvaro-Rezende-4.jpg\"><img decoding=\"async\" src=\"https:\/\/agenciadenoticias.ms.gov.br\/wp-content\/uploads\/2024\/08\/Foto-Alvaro-Rezende-4.jpg\" alt=\"\"\/><\/a><\/figure>\n\n\n\n<p>Para a bi\u00f3loga L\u00edvia Cordeiro, fundadora e diretora executiva da Ciclo Azul, as a\u00e7\u00f5es visam impactar a comunidade local, a rede de recicladores e os rios e florestas da cidade de Bonito, \u201cal\u00e9m de sensibiliza\u00e7\u00e3o dos visitantes com a\u00e7\u00f5es educativas e de comunica\u00e7\u00e3o durante o evento\u201d.<\/p>\n\n\n\n<p>\u201cNossa cidade, com apenas 24 mil habitantes, recebe cerca de 300 mil visitantes\/ano e \u00e9 reconhecida pela excel\u00eancia na organiza\u00e7\u00e3o do turismo que tem como base a natureza e paisagens paradis\u00edacas, em um relevo c\u00e1rstico delicado.&nbsp;&nbsp;A gest\u00e3o p\u00fablica sofre com a sobrecarga que os eventos e a alta temporada trazem ao munic\u00edpio quando se trata da gest\u00e3o de res\u00edduos, do tratamento de efluentes da preserva\u00e7\u00e3o das \u00e1guas e da biodiversidade. Nossa miss\u00e3o como empresa \u00e9 ajudar nosso destino e o Estado do Mato Grosso do Sul a ser refer\u00eancia em sustentabilidade e gest\u00e3o ambiental\u201d.<\/p>\n\n\n\n<p><em>Karina Lima, Comunica\u00e7\u00e3o Setesc<\/em><br><em>Fotos: \u00c1lvaro Rezende\/Secom\/Arquivo<\/em><\/p>\n","protected":false},"excerpt":{"rendered":"<p>O Festival de Inverno de Bonito 2025, que acontece de 20 a 24 de agosto na cidade de Bonito, vai<\/p>\n","protected":false},"author":1,"featured_media":11138,"comment_status":"open","ping_status":"open","sticky":false,"template":"","format":"standard","meta":{"footnotes":""},"categories":[2],"tags":[],"class_list":["post-11137","post","type-post","status-publish","format-standard","has-post-thumbnail","hentry","category-noticias"],"_links":{"self":[{"href":"https:\/\/jornaloalvorada.com.br\/site\/wp-json\/wp\/v2\/posts\/11137","targetHints":{"allow":["GET"]}}],"collection":[{"href":"https:\/\/jornaloalvorada.com.br\/site\/wp-json\/wp\/v2\/posts"}],"about":[{"href":"https:\/\/jornaloalvorada.com.br\/site\/wp-json\/wp\/v2\/types\/post"}],"author":[{"embeddable":true,"href":"https:\/\/jornaloalvorada.com.br\/site\/wp-json\/wp\/v2\/users\/1"}],"replies":[{"embeddable":true,"href":"https:\/\/jornaloalvorada.com.br\/site\/wp-json\/wp\/v2\/comments?post=11137"}],"version-history":[{"count":1,"href":"https:\/\/jornaloalvorada.com.br\/site\/wp-json\/wp\/v2\/posts\/11137\/revisions"}],"predecessor-version":[{"id":11139,"href":"https:\/\/jornaloalvorada.com.br\/site\/wp-json\/wp\/v2\/posts\/11137\/revisions\/11139"}],"wp:featuredmedia":[{"embeddable":true,"href":"https:\/\/jornaloalvorada.com.br\/site\/wp-json\/wp\/v2\/media\/11138"}],"wp:attachment":[{"href":"https:\/\/jornaloalvorada.com.br\/site\/wp-json\/wp\/v2\/media?parent=11137"}],"wp:term":[{"taxonomy":"category","embeddable":true,"href":"https:\/\/jornaloalvorada.com.br\/site\/wp-json\/wp\/v2\/categories?post=11137"},{"taxonomy":"post_tag","embeddable":true,"href":"https:\/\/jornaloalvorada.com.br\/site\/wp-json\/wp\/v2\/tags?post=11137"}],"curies":[{"name":"wp","href":"https:\/\/api.w.org\/{rel}","templated":true}]}}