{"id":11134,"date":"2025-08-04T08:14:57","date_gmt":"2025-08-04T12:14:57","guid":{"rendered":"https:\/\/jornaloalvorada.com.br\/site\/?p=11134"},"modified":"2025-08-04T08:14:59","modified_gmt":"2025-08-04T12:14:59","slug":"acoes-educativas-do-detran-ms-voltadas-para-motociclistas-movimentam-cidades-do-interior","status":"publish","type":"post","link":"https:\/\/jornaloalvorada.com.br\/site\/2025\/08\/04\/acoes-educativas-do-detran-ms-voltadas-para-motociclistas-movimentam-cidades-do-interior\/","title":{"rendered":"A\u00e7\u00f5es educativas do Detran-MS, voltadas para motociclistas, movimentam cidades do interior"},"content":{"rendered":"\n<p>Durante as \u00faltimas semanas de julho, o Detran-MS (Departamento Estadual de Tr\u00e2nsito de Mato Grosso do Sul) realizou diversas atividades educativas em diferentes cidades do interior do estado, com foco nos motociclistas. \u201cNossos gestores do interior se dedicaram \u00e0 programa\u00e7\u00e3o dos eventos e \u00e0 busca por parcerias, sempre com a inten\u00e7\u00e3o de alcan\u00e7ar o maior n\u00famero de motociclistas com sensibiliza\u00e7\u00e3o e orienta\u00e7\u00e3o, buscando evitar mortes, v\u00edtimas e sinistros no tr\u00e2nsito\u201d, afirmou Andrea Moringo, diretora de Educa\u00e7\u00e3o para o Tr\u00e2nsito do Detran-MS.<\/p>\n\n\n\n<p>Em Corumb\u00e1, o Detran-MS e a prefeitura municipal realizaram uma simula\u00e7\u00e3o sobre os perigos da linha com cerol. Com o objetivo de proteger os motociclistas, foram distribu\u00eddas antenas corta-pipas. \u201cNeste momento de recesso escolar, os n\u00fameros de acidentes com cerol sempre aumentam na cidade. Por isso, a inten\u00e7\u00e3o de trabalhar esse assunto com motociclistas e com a popula\u00e7\u00e3o local\u201d, explicou Carlo David, gerente da Ag\u00eancia do Detran-MS de Corumb\u00e1.<\/p>\n\n\n\n<p>Em Coxim, os gestores em educa\u00e7\u00e3o promoveram palestras e a\u00e7\u00f5es de sensibiliza\u00e7\u00e3o sobre o uso de \u00e1lcool ao pilotar, utilizando \u00f3culos simuladores de embriaguez. A iniciativa, em parceria com a prefeitura municipal, foi levada a diversos p\u00fablicos, entre eles funcion\u00e1rios de concession\u00e1rias de motocicletas, mototaxistas e at\u00e9 mesmo na pr\u00f3pria ag\u00eancia do \u00f3rg\u00e3o, com motos entregadores.<\/p>\n\n\n\n<p>Em Dourados, uma motociata movimentou a cidade e contou com a participa\u00e7\u00e3o de motogrupos. A a\u00e7\u00e3o arrecadou fraldas e produtos de higiene para o Lar do Idoso e percorreu diversas ruas da cidade, acompanhada pelos agentes da Ger\u00eancia Especial de Fiscaliza\u00e7\u00e3o e Patrulhamento Vi\u00e1rio do Detran-MS.<\/p>\n\n\n\n<p>Os agentes de fiscaliza\u00e7\u00e3o do Detran-MS tamb\u00e9m participaram de uma abordagem educativa na cidade de Navira\u00ed, em parceria com a PMMS, GETRAN e Guarda Mirim. Em Parana\u00edba, os Patrulheiros Mirins tamb\u00e9m apoiaram a abordagem educativa aos motociclistas.<\/p>\n\n\n\n<p>Em Guia Lopes da Laguna, a abordagem de conscientiza\u00e7\u00e3o focou em um tema muito recorrente entre os motociclistas: o uso adequado dos equipamentos de seguran\u00e7a, como o capacete. De acordo com a Prefeitura, que foi parceira na a\u00e7\u00e3o, esse tipo de atividade colabora diretamente para a redu\u00e7\u00e3o de acidentes, promove maior seguran\u00e7a nas vias urbanas e ainda contribui para a regulariza\u00e7\u00e3o de documentos e ve\u00edculos.<\/p>\n\n\n\n<p>As a\u00e7\u00f5es voltadas para motociclistas permanecer\u00e3o ao longo dos primeiros dias de agosto, em diversas cidades do interior.<\/p>\n\n\n\n<p><em>Emmanuelly Castro, Comunica\u00e7\u00e3o Detran<br><\/em><em>Fotos: DIRET<\/em><\/p>\n","protected":false},"excerpt":{"rendered":"<p>Durante as \u00faltimas semanas de julho, o Detran-MS (Departamento Estadual de Tr\u00e2nsito de Mato Grosso do Sul) realizou diversas atividades<\/p>\n","protected":false},"author":1,"featured_media":11135,"comment_status":"open","ping_status":"open","sticky":false,"template":"","format":"standard","meta":{"footnotes":""},"categories":[2],"tags":[],"class_list":["post-11134","post","type-post","status-publish","format-standard","has-post-thumbnail","hentry","category-noticias"],"_links":{"self":[{"href":"https:\/\/jornaloalvorada.com.br\/site\/wp-json\/wp\/v2\/posts\/11134","targetHints":{"allow":["GET"]}}],"collection":[{"href":"https:\/\/jornaloalvorada.com.br\/site\/wp-json\/wp\/v2\/posts"}],"about":[{"href":"https:\/\/jornaloalvorada.com.br\/site\/wp-json\/wp\/v2\/types\/post"}],"author":[{"embeddable":true,"href":"https:\/\/jornaloalvorada.com.br\/site\/wp-json\/wp\/v2\/users\/1"}],"replies":[{"embeddable":true,"href":"https:\/\/jornaloalvorada.com.br\/site\/wp-json\/wp\/v2\/comments?post=11134"}],"version-history":[{"count":1,"href":"https:\/\/jornaloalvorada.com.br\/site\/wp-json\/wp\/v2\/posts\/11134\/revisions"}],"predecessor-version":[{"id":11136,"href":"https:\/\/jornaloalvorada.com.br\/site\/wp-json\/wp\/v2\/posts\/11134\/revisions\/11136"}],"wp:featuredmedia":[{"embeddable":true,"href":"https:\/\/jornaloalvorada.com.br\/site\/wp-json\/wp\/v2\/media\/11135"}],"wp:attachment":[{"href":"https:\/\/jornaloalvorada.com.br\/site\/wp-json\/wp\/v2\/media?parent=11134"}],"wp:term":[{"taxonomy":"category","embeddable":true,"href":"https:\/\/jornaloalvorada.com.br\/site\/wp-json\/wp\/v2\/categories?post=11134"},{"taxonomy":"post_tag","embeddable":true,"href":"https:\/\/jornaloalvorada.com.br\/site\/wp-json\/wp\/v2\/tags?post=11134"}],"curies":[{"name":"wp","href":"https:\/\/api.w.org\/{rel}","templated":true}]}}