{"id":11130,"date":"2025-07-28T08:20:26","date_gmt":"2025-07-28T12:20:26","guid":{"rendered":"https:\/\/jornaloalvorada.com.br\/site\/?p=11130"},"modified":"2025-07-28T08:20:27","modified_gmt":"2025-07-28T12:20:27","slug":"professor-defende-cinema-nas-escolas-para-ampliar-e-formar-publico","status":"publish","type":"post","link":"https:\/\/jornaloalvorada.com.br\/site\/2025\/07\/28\/professor-defende-cinema-nas-escolas-para-ampliar-e-formar-publico\/","title":{"rendered":"Professor defende cinema nas escolas para ampliar e formar p\u00fablico"},"content":{"rendered":"\n<p><strong>T\u00e3o urgente quanto a <a href=\"https:\/\/agenciabrasil.ebc.com.br\/cultura\/noticia\/2025-07\/atores-brasileiros-defendem-regulamentacao-de-plataformas-de-streaming\" target=\"_blank\" rel=\"noreferrer noopener\">regulamenta\u00e7\u00e3o do streaming<\/a>, defendida por profissionais do setor audiovisual, \u00e9 preciso tamb\u00e9m ampliar o acesso e formar p\u00fablico para o cinema nacional. Isso \u00e9 o que defende Marcelo Ikeda, professor de cinema e audiovisual da Universidade Federal do Cear\u00e1 (UFC), cineasta, curador e cr\u00edtico de cinema.<\/strong><img decoding=\"async\" src=\"https:\/\/agenciabrasil.ebc.com.br\/ebc.png?id=1652242&amp;o=node\"><img decoding=\"async\" src=\"https:\/\/agenciabrasil.ebc.com.br\/ebc.gif?id=1652242&amp;o=node\"><\/p>\n\n\n\n<p>Durante o semin\u00e1rio Cinema, Pol\u00edticas e Mercado &#8211; A Distribui\u00e7\u00e3o do Filme Independente no Brasil, realizado durante o Festival de Cinema Sul-Americano de Bonito, em Mato Grosso do Sul, Ikeda lan\u00e7ou o que chamou de \u201cprovoca\u00e7\u00e3o\u201d ao p\u00fablico do Cinesur, convidando-o a pensar sobre essa quest\u00e3o.<\/p>\n\n\n\n<p>Segundo ele, j\u00e1 existe uma legisla\u00e7\u00e3o sobre isso. Criada em 2014, a <a href=\"https:\/\/www.planalto.gov.br\/ccivil_03\/_ato2011-2014\/2014\/lei\/l13006.htm\" target=\"_blank\" rel=\"noreferrer noopener\">Lei 13.006<\/a> obriga a exibi\u00e7\u00e3o de filmes nacionais nas escolas de educa\u00e7\u00e3o b\u00e1sica de todo o pa\u00eds, mas nunca foi regulamentada.<\/p>\n\n\n\n<p>\u201cEu fiz essa provoca\u00e7\u00e3o porque hoje a grande pauta do setor audiovisual \u00e9 a regula\u00e7\u00e3o do streaming, que \u00e9 uma pauta fundamental e urgente. \u00c9 estrat\u00e9gico que as plataformas de streaming tenham, enfim, alguma regula\u00e7\u00e3o do governo. Mas a provoca\u00e7\u00e3o que eu fiz e que eu acho que \u00e9 t\u00e3o importante quanto a regula\u00e7\u00e3o do streaming \u00e9 regulamentar a lei que prev\u00ea a exibi\u00e7\u00e3o obrigat\u00f3ria do cinema brasileiro nas escolas. Eu acho fundamental essa dimens\u00e3o da forma\u00e7\u00e3o de p\u00fablico\u201d, disse ele \u00e0 <strong>Ag\u00eancia Brasil<\/strong>.<\/p>\n\n\n\n<p><strong>Para Ikeda, \u00e9 necess\u00e1rio que crian\u00e7as e adolescentes possam ter acesso ao cinema brasileiro \u201cde uma forma mais ampla\u201d. E isso deve ser iniciado nas escolas.<\/strong><\/p>\n\n\n\n<blockquote class=\"wp-block-quote is-layout-flow wp-block-quote-is-layout-flow\">\n<p>\u201cA escola \u00e9 uma semente. \u00c9 onde o jovem e o adolescente est\u00e3o se formando, \u00e9 um lugar tamb\u00e9m de cidadania e de acesso. A escola \u00e9 um lugar fundamental para uma forma\u00e7\u00e3o assim mais ampla do indiv\u00edduo\u201d, defendeu.<\/p>\n<\/blockquote>\n\n\n\n<p>A regulamenta\u00e7\u00e3o dessa lei, explicou Ikeda, ajudaria a criar uma estrutura dentro das escolas para que os filmes possam ser exibidos. \u201cFalta uma regulamenta\u00e7\u00e3o para que essa lei de fato seja aplicada, para que tenha uma estrutura nas escolas, tanto uma estrutura de equipamento para que esses filmes possam ser exibidos, quanto uma estrutura tamb\u00e9m pedag\u00f3gica\u201d, afirmou.<\/p>\n\n\n\n<p>Ele entende ser importante que as escolas tamb\u00e9m estejam preparadas para d\u00e1 aos alunos as condi\u00e7\u00f5es estruturais para o aprendizado. \u201cN\u00e3o basta termos que exibir filmes brasileiros nas escolas, mas as escolas precisam ter essa estrutura. Tem que ter um projetor, tem que ter acesso aos filmes e tem que ter uma licen\u00e7a para que esses filmes sejam exibidos para n\u00e3o burlar tamb\u00e9m os direitos autorais\u201d, acrescentou.<\/p>\n\n\n\n<p><strong>Al\u00e9m disso, Ikeda destacou que a regulamenta\u00e7\u00e3o prepararia os professores para ajudarem na forma\u00e7\u00e3o desse novo p\u00fablico.<\/strong><\/p>\n\n\n\n<blockquote class=\"wp-block-quote is-layout-flow wp-block-quote-is-layout-flow\">\n<p>\u201cTem que ter uma forma\u00e7\u00e3o pedag\u00f3gica para que professores ou cineclubistas possam de fato n\u00e3o s\u00f3 exibir, mas discutir esses filmes porque a forma\u00e7\u00e3o de p\u00fablico n\u00e3o se resume \u00e0 exibi\u00e7\u00e3o dos filmes, mas tamb\u00e9m ao debate e conversa sobre ele\u201d.<\/p>\n<\/blockquote>\n\n\n\n<h2 class=\"wp-block-heading\">Investimento<\/h2>\n\n\n\n<p><strong>De acordo com ele, esse projeto n\u00e3o exigiria muito investimento p\u00fablico. \u201cIsso \u00e9 uma pol\u00edtica de base.<\/strong> N\u00e3o adianta fazer forma\u00e7\u00e3o de p\u00fablico s\u00f3 construindo cinemas em shoppings. Isso tamb\u00e9m \u00e9 importante, \u00e9 o grande mercado, mas eu acho que para chegar nas pessoas, voc\u00ea tem que ter essa forma\u00e7\u00e3o de base. E para fazer forma\u00e7\u00e3o de base, voc\u00ea n\u00e3o precisa de tanta grana, mas precisa desse trabalho de ir nos locais, na escola\u201d.<\/p>\n\n\n\n<blockquote class=\"wp-block-quote is-layout-flow wp-block-quote-is-layout-flow\">\n<p>\u201cDessa rela\u00e7\u00e3o da escola com a comunidade, porque n\u00e3o adianta s\u00f3 voc\u00ea colocar um projetor e uma sess\u00e3o de filmes. Voc\u00ea tem que ter um multiplicador local, um agente local que v\u00e1 trazer essas pessoas que tenham essas conex\u00f5es locais e consigam de fato fazer conex\u00f5es. Tem que ter uma programa\u00e7\u00e3o que se conecte com a demanda daqueles p\u00fablicos\u201d, completou o professor.<\/p>\n<\/blockquote>\n\n\n\n<h2 class=\"wp-block-heading\">Cinesur<\/h2>\n\n\n\n<p><strong>O Cinesur \u00e9 um festival de cinema que ocorre at\u00e9 o pr\u00f3ximo dia 2 de agosto na tur\u00edstica cidade de Bonito (MS). Neste ano, o festival est\u00e1 exibindo 63 filmes de nove pa\u00edses da Am\u00e9rica do Sul, al\u00e9m de promover debates, semin\u00e1rios e cursos de forma\u00e7\u00e3o.<\/strong><\/p>\n\n\n\n<p>Todas as atividades promovidas pelo CineSur s\u00e3o gratuitas. Mais informa\u00e7\u00f5es sobre o festival, podem ser obtidas no<a href=\"https:\/\/bonitocinesur.com.br\/2025\/\" target=\"_blank\" rel=\"noreferrer noopener\"> <em>site <\/em>do evento<\/a>.<\/p>\n\n\n\n<p><strong><em>Fonte: Ag\u00eancia Brasil<\/em><\/strong><\/p>\n","protected":false},"excerpt":{"rendered":"<p>T\u00e3o urgente quanto a regulamenta\u00e7\u00e3o do streaming, defendida por profissionais do setor audiovisual, \u00e9 preciso tamb\u00e9m ampliar o acesso e<\/p>\n","protected":false},"author":1,"featured_media":11131,"comment_status":"open","ping_status":"open","sticky":false,"template":"","format":"standard","meta":{"footnotes":""},"categories":[2],"tags":[],"class_list":["post-11130","post","type-post","status-publish","format-standard","has-post-thumbnail","hentry","category-noticias"],"_links":{"self":[{"href":"https:\/\/jornaloalvorada.com.br\/site\/wp-json\/wp\/v2\/posts\/11130","targetHints":{"allow":["GET"]}}],"collection":[{"href":"https:\/\/jornaloalvorada.com.br\/site\/wp-json\/wp\/v2\/posts"}],"about":[{"href":"https:\/\/jornaloalvorada.com.br\/site\/wp-json\/wp\/v2\/types\/post"}],"author":[{"embeddable":true,"href":"https:\/\/jornaloalvorada.com.br\/site\/wp-json\/wp\/v2\/users\/1"}],"replies":[{"embeddable":true,"href":"https:\/\/jornaloalvorada.com.br\/site\/wp-json\/wp\/v2\/comments?post=11130"}],"version-history":[{"count":1,"href":"https:\/\/jornaloalvorada.com.br\/site\/wp-json\/wp\/v2\/posts\/11130\/revisions"}],"predecessor-version":[{"id":11132,"href":"https:\/\/jornaloalvorada.com.br\/site\/wp-json\/wp\/v2\/posts\/11130\/revisions\/11132"}],"wp:featuredmedia":[{"embeddable":true,"href":"https:\/\/jornaloalvorada.com.br\/site\/wp-json\/wp\/v2\/media\/11131"}],"wp:attachment":[{"href":"https:\/\/jornaloalvorada.com.br\/site\/wp-json\/wp\/v2\/media?parent=11130"}],"wp:term":[{"taxonomy":"category","embeddable":true,"href":"https:\/\/jornaloalvorada.com.br\/site\/wp-json\/wp\/v2\/categories?post=11130"},{"taxonomy":"post_tag","embeddable":true,"href":"https:\/\/jornaloalvorada.com.br\/site\/wp-json\/wp\/v2\/tags?post=11130"}],"curies":[{"name":"wp","href":"https:\/\/api.w.org\/{rel}","templated":true}]}}