{"id":11119,"date":"2025-07-23T09:03:36","date_gmt":"2025-07-23T13:03:36","guid":{"rendered":"https:\/\/jornaloalvorada.com.br\/site\/?p=11119"},"modified":"2025-07-23T09:03:37","modified_gmt":"2025-07-23T13:03:37","slug":"planeta-atinge-sobrecarga-de-recursos-nesta-quinta-feira-saiba-mais","status":"publish","type":"post","link":"https:\/\/jornaloalvorada.com.br\/site\/2025\/07\/23\/planeta-atinge-sobrecarga-de-recursos-nesta-quinta-feira-saiba-mais\/","title":{"rendered":"Planeta atinge sobrecarga de recursos nesta quinta-feira; saiba mais"},"content":{"rendered":"\n<p>O planeta atinge nesta quinta-feira (23) a sobrecarga de recursos naturais, ou seja: todos os recursos dispon\u00edveis para o ano de 2025 foram consumidos nos primeiros sete meses. Isto significa que a <strong>humanidade utiliza a natureza 1,8 vezes mais depressa do que os ecossistemas conseguem se regenerar.<\/strong><img decoding=\"async\" src=\"https:\/\/agenciabrasil.ebc.com.br\/ebc.png?id=1651645&amp;o=node\"><img decoding=\"async\" src=\"https:\/\/agenciabrasil.ebc.com.br\/ebc.gif?id=1651645&amp;o=node\"><\/p>\n\n\n\n<p><strong>O <em>Earth Overshoot Day<\/em>, ou&nbsp;Dia da Sobrecarga do Planeta, \u00e9&nbsp;a data em que a procura por recursos naturais pela humanidade ultrapassa a capacidade da Terra de se reabastecer durante todo o ano.&nbsp;<\/strong><\/p>\n\n\n\n<p>Os c\u00e1lculos s\u00e3o da organiza\u00e7\u00e3o internacional de sustentabilidade <em>Global Footprint Network<\/em>. Nas contas da organiza\u00e7\u00e3o, tudo que o Planeta consumir a partir de amanh\u00e3 passa a ser no &#8220;cart\u00e3o de cr\u00e9dito&#8221;.<\/p>\n\n\n\n<p>Em comunicado, a <em>Global Footprint Network<\/em>&nbsp;ressalta que as pessoas emitem mais di\u00f3xido de carbono (CO\u2082) do que a biosfera pode absorver, usam mais \u00e1gua doce do que o que \u00e9 poss\u00edvel repor, colhem mais \u00e1rvores do que as que podem crescer de novo, pescam mais r\u00e1pido do que as reservas de peixe se reabastecem, entre outros fatores.<\/p>\n\n\n\n<p><strong>A utiliza\u00e7\u00e3o de recursos al\u00e9m do que a natureza pode renovar &#8220;esgota inevitavelmente o capital natural da Terra&#8221; e compromete a seguran\u00e7a dos recursos a longo prazo<\/strong>, &#8220;especialmente para aqueles que j\u00e1 t\u00eam dificuldades de acesso aos recursos necess\u00e1rios&#8221;, alerta.<\/p>\n\n\n\n<p>Ainda que o Dia da Sobrecarga deste ano tenha chegado uma semana mais cedo (em geral data \u00e9 1\u00b0 de agosto), a Global Footprint Network diz que o dia tem se mantido com alguma estabilidade nos \u00faltimos 15 anos, sempre em torno dos primeiros sete meses do ano.<\/p>\n\n\n\n<p>Apesar da tend\u00eancia de estagna\u00e7\u00e3o, a associa\u00e7\u00e3o ambientalista portuguesa Zero destaca que, mesmo sem grande varia\u00e7\u00e3o na data da sobrecarga, a press\u00e3o sobre o planeta continua aumentando devido ao acumulo de danos.<\/p>\n\n\n\n<p>Para a organiza\u00e7\u00e3o, a humanidade precisa se apressar e &#8220;promover as mudan\u00e7as necess\u00e1rias&#8221; para reduzir o impacta que suas atividades e necessidades t\u00eam sobre a capacidade de recarga do planeta.<\/p>\n\n\n\n<p><strong>Em comunicado, a Zero d\u00e1 exemplos: se metade do mundo implementasse um Acordo Verde com o n\u00edvel de ambi\u00e7\u00e3o da Uni\u00e3o Europeia (UE) a sobrecarga do planeta poderia ser adiada em 42 dias nos pr\u00f3ximos 10 anos.<\/strong><\/p>\n\n\n\n<p>A Global Footprint Network adverte que o <strong>excesso de emiss\u00f5es de CO\u2082 n\u00e3o causa apenas a perda de biodiversidade e o esgotamento de recursos, mas tamb\u00e9m faz estagnar a economia, aumenta a infla\u00e7\u00e3o, a inseguran\u00e7a alimentar e energ\u00e9tica, as crises sanit\u00e1rias e os conflitos.<\/strong><\/p>\n\n\n\n<p>A organiza\u00e7\u00e3o adverte que quem n\u00e3o se preparar, sejam cidades ou pa\u00edses, enfrentar\u00e1 riscos maiores e faz um alerta: <strong>a sobrecarga do planeta \u00e9 tamb\u00e9m uma falha na organiza\u00e7\u00e3o do mercado consumidor mundial, uma amea\u00e7a aos consumidores excessivos de recursos e, se n\u00e3o for combatida, poder\u00e1 terminar em cat\u00e1strofe.<\/strong><\/p>\n\n\n\n<h2 class=\"wp-block-heading\">Propostas<\/h2>\n\n\n\n<p>Como solu\u00e7\u00e3o, a&nbsp;organiza\u00e7\u00e3o portuguesa Zero defende&nbsp;a promo\u00e7\u00e3o de uma economia de bem-estar em que a prosperidade n\u00e3o seja definida apenas pelo crescimento do PIB, mas pela sa\u00fade ecol\u00f3gica, equidade social e bem-estar humano, em uma l\u00f3gica de reorientar os sistemas produtivos e de consumo para os limites do Planeta seja respeitados. Simultaneamente, \u00e9 preciso assegurar a satisfa\u00e7\u00e3o de necessidades b\u00e1sicas e a qualidade de vida de todas as pessoas.<\/p>\n\n\n\n<p>Uma abordagem cujo caminho passa, diz a associa\u00e7\u00e3o, por uma lei que garanta que os direitos das gera\u00e7\u00f5es futuras e a defesa da justi\u00e7a intergeracional s\u00e3o parte integrante do processo de decis\u00e3o.<\/p>\n\n\n\n<p>A Zero acrescenta que v\u00e1rios pa\u00edses est\u00e3o trabalhando neste sentido e que em Portugal outras associa\u00e7\u00f5es como a Oikos e \u00daltimo Recurso prepararam uma proposta de Lei com este intuito.<\/p>\n\n\n\n<h2 class=\"wp-block-heading\">Data<\/h2>\n\n\n\n<p>Todos os anos a Global Footprint Network anuncia no Dia Mundial do Ambiente, celebrado em 5 de junho, a data do Earth Overshoot Day.<\/p>\n\n\n\n<p>Na <a href=\"https:\/\/www.footprintnetwork.org\/\" target=\"_blank\" rel=\"noreferrer noopener\">p\u00e1gina da organiza\u00e7\u00e3o<\/a>&nbsp;\u00e9 poss\u00edvel consultar os c\u00e1lculos de pa\u00eds a pa\u00eds.&nbsp;<\/p>\n\n\n\n<p><strong><em>Fonte: Ag\u00eancia Brasil<\/em><\/strong><\/p>\n\n\n\n<p><\/p>\n","protected":false},"excerpt":{"rendered":"<p>O planeta atinge nesta quinta-feira (23) a sobrecarga de recursos naturais, ou seja: todos os recursos dispon\u00edveis para o ano<\/p>\n","protected":false},"author":1,"featured_media":11120,"comment_status":"open","ping_status":"open","sticky":false,"template":"","format":"standard","meta":{"footnotes":""},"categories":[2],"tags":[],"class_list":["post-11119","post","type-post","status-publish","format-standard","has-post-thumbnail","hentry","category-noticias"],"_links":{"self":[{"href":"https:\/\/jornaloalvorada.com.br\/site\/wp-json\/wp\/v2\/posts\/11119","targetHints":{"allow":["GET"]}}],"collection":[{"href":"https:\/\/jornaloalvorada.com.br\/site\/wp-json\/wp\/v2\/posts"}],"about":[{"href":"https:\/\/jornaloalvorada.com.br\/site\/wp-json\/wp\/v2\/types\/post"}],"author":[{"embeddable":true,"href":"https:\/\/jornaloalvorada.com.br\/site\/wp-json\/wp\/v2\/users\/1"}],"replies":[{"embeddable":true,"href":"https:\/\/jornaloalvorada.com.br\/site\/wp-json\/wp\/v2\/comments?post=11119"}],"version-history":[{"count":1,"href":"https:\/\/jornaloalvorada.com.br\/site\/wp-json\/wp\/v2\/posts\/11119\/revisions"}],"predecessor-version":[{"id":11121,"href":"https:\/\/jornaloalvorada.com.br\/site\/wp-json\/wp\/v2\/posts\/11119\/revisions\/11121"}],"wp:featuredmedia":[{"embeddable":true,"href":"https:\/\/jornaloalvorada.com.br\/site\/wp-json\/wp\/v2\/media\/11120"}],"wp:attachment":[{"href":"https:\/\/jornaloalvorada.com.br\/site\/wp-json\/wp\/v2\/media?parent=11119"}],"wp:term":[{"taxonomy":"category","embeddable":true,"href":"https:\/\/jornaloalvorada.com.br\/site\/wp-json\/wp\/v2\/categories?post=11119"},{"taxonomy":"post_tag","embeddable":true,"href":"https:\/\/jornaloalvorada.com.br\/site\/wp-json\/wp\/v2\/tags?post=11119"}],"curies":[{"name":"wp","href":"https:\/\/api.w.org\/{rel}","templated":true}]}}