{"id":11024,"date":"2025-07-03T08:55:03","date_gmt":"2025-07-03T12:55:03","guid":{"rendered":"https:\/\/jornaloalvorada.com.br\/site\/?p=11024"},"modified":"2025-07-03T08:55:07","modified_gmt":"2025-07-03T12:55:07","slug":"estudante-de-amambai-conquista-medalha-de-ouro-na-olimpiada-brasileira-de-matematica","status":"publish","type":"post","link":"https:\/\/jornaloalvorada.com.br\/site\/2025\/07\/03\/estudante-de-amambai-conquista-medalha-de-ouro-na-olimpiada-brasileira-de-matematica\/","title":{"rendered":"Estudante de Amambai conquista medalha de ouro na Olimp\u00edada Brasileira de Matem\u00e1tica"},"content":{"rendered":"\n<p>No \u00faltimo dia 30 de junho, o Rio de Janeiro sediou a cerim\u00f4nia nacional de premia\u00e7\u00e3o da Olimp\u00edada Brasileira de Matem\u00e1tica das Escolas P\u00fablicas (OBMEP), considerada a maior competi\u00e7\u00e3o cient\u00edfica estudantil do Brasil.<\/p>\n\n\n\n<p>Entre os 683 alunos de todo o pa\u00eds premiados com medalha de ouro, um dos destaques foi o sul-mato-grossense Heitor Brites Oleksyw, estudante da Escola Estadual Dom Aquino Corr\u00eaa, localizada no munic\u00edpio de Amambai, no interior do Estado.<\/p>\n\n\n<div class=\"wp-block-image\">\n<figure class=\"alignright\"><a href=\"https:\/\/agenciadenoticias.ms.gov.br\/wp-content\/uploads\/2025\/07\/WhatsApp-Image-2025-07-01-at-20.26.06-1-e1751467496389.jpeg\"><img decoding=\"async\" src=\"https:\/\/agenciadenoticias.ms.gov.br\/wp-content\/uploads\/2025\/07\/WhatsApp-Image-2025-07-01-at-20.26.06-1-e1751467496389.jpeg\" alt=\"\" class=\"wp-image-514981\"\/><\/a><\/figure>\n<\/div>\n\n\n<p>Heitor esteve ao lado de outros dois estudantes da Rede Estadual de Ensino de Mato Grosso do Sul que tamb\u00e9m conquistaram medalhas de ouro, em uma cerim\u00f4nia repleta de emo\u00e7\u00e3o, reconhecimento e celebra\u00e7\u00e3o da excel\u00eancia estudantil. Promovida pelo Instituto de Matem\u00e1tica Pura e Aplicada (IMPA), a OBMEP contou com a participa\u00e7\u00e3o de mais de 18,5 milh\u00f5es de alunos em todo o pa\u00eds.<\/p>\n\n\n\n<p>O estudante, que j\u00e1 havia conquistado medalha de bronze em edi\u00e7\u00f5es anteriores, conta que sua trajet\u00f3ria com a OBMEP come\u00e7ou de forma despretensiosa.<\/p>\n\n\n\n<p>\u201cQuando fiz pela primeira vez, achei que era s\u00f3 uma das v\u00e1rias provas do governo, sem muita preocupa\u00e7\u00e3o. Mas depois que ganhei bronze e fui descobrindo os benef\u00edcios que a OBMEP poderia me dar, passei a me dedicar mais aos estudos. No ano passado, fiz a prova novamente e me tornei um dos medalhistas de ouro\u201d, compartilhou Heitor.<\/p>\n\n\n\n<p>A experi\u00eancia da premia\u00e7\u00e3o no Rio de Janeiro foi marcante para o jovem, que v\u00ea na OBMEP um divisor de \u00e1guas em sua vida acad\u00eamica.<\/p>\n\n\n\n<p>\u201cEssa semana tive a oportunidade de viajar para receber minha medalha, participar de v\u00e1rios eventos e conhecer novas pessoas. Foram experi\u00eancias incr\u00edveis e inesquec\u00edveis. Isso me ajudou a descobrir que, com dedica\u00e7\u00e3o, posso chegar a v\u00e1rios lugares. Foi muito gratificante poder dizer com muito orgulho que estou entre os melhores do Brasil\u201d, completou.<\/p>\n\n\n\n<figure class=\"wp-block-image\"><a href=\"https:\/\/agenciadenoticias.ms.gov.br\/wp-content\/uploads\/2025\/07\/WhatsApp-Image-2025-07-01-at-20.29.58-scaled.jpeg\"><img decoding=\"async\" src=\"https:\/\/agenciadenoticias.ms.gov.br\/wp-content\/uploads\/2025\/07\/WhatsApp-Image-2025-07-01-at-20.29.58-1024x576.jpeg\" alt=\"\"\/><\/a><\/figure>\n\n\n\n<p>A cerim\u00f4nia contou com a presen\u00e7a de autoridades como a ministra da Ci\u00eancia, Tecnologia e Inova\u00e7\u00e3o, Luciana Santos, o ministro da Educa\u00e7\u00e3o, Camilo Santana, e o prefeito do Rio de Janeiro, Eduardo Paes. Os medalhistas participaram de uma programa\u00e7\u00e3o especial, com jantar de boas-vindas, sorteio de brindes, sal\u00e3o de jogos e palestra com o cientista Lucas Nissenbaum, do IMPA.<\/p>\n\n\n\n<p>De acordo com o diretor-geral do IMPA, Marcelo Viana, \u201ch\u00e1 20 anos a OBMEP alcan\u00e7a quase a totalidade do territ\u00f3rio nacional identificando talentos e incentivando o gosto pelo aprendizado da matem\u00e1tica. \u00c9 cada vez mais comum que universidades utilizem o desempenho em olimp\u00edadas como crit\u00e9rio de sele\u00e7\u00e3o\u201d.<\/p>\n\n\n\n<p>Al\u00e9m do reconhecimento, os medalhistas da OBMEP t\u00eam a oportunidade de ingressar no Programa de Inicia\u00e7\u00e3o Cient\u00edfica J\u00fanior (PIC), com aulas avan\u00e7adas de matem\u00e1tica e bolsa mensal de R$ 300, oferecida pelo CNPq.<\/p>\n\n\n\n<p><em>Jackeline Oliveira, Comunica\u00e7\u00e3o SED<br><\/em><em>Fotos: Arquivo pessoal<\/em><\/p>\n","protected":false},"excerpt":{"rendered":"<p>No \u00faltimo dia 30 de junho, o Rio de Janeiro sediou a cerim\u00f4nia nacional de premia\u00e7\u00e3o da Olimp\u00edada Brasileira de<\/p>\n","protected":false},"author":1,"featured_media":11025,"comment_status":"open","ping_status":"open","sticky":false,"template":"","format":"standard","meta":{"footnotes":""},"categories":[2],"tags":[],"class_list":["post-11024","post","type-post","status-publish","format-standard","has-post-thumbnail","hentry","category-noticias"],"_links":{"self":[{"href":"https:\/\/jornaloalvorada.com.br\/site\/wp-json\/wp\/v2\/posts\/11024","targetHints":{"allow":["GET"]}}],"collection":[{"href":"https:\/\/jornaloalvorada.com.br\/site\/wp-json\/wp\/v2\/posts"}],"about":[{"href":"https:\/\/jornaloalvorada.com.br\/site\/wp-json\/wp\/v2\/types\/post"}],"author":[{"embeddable":true,"href":"https:\/\/jornaloalvorada.com.br\/site\/wp-json\/wp\/v2\/users\/1"}],"replies":[{"embeddable":true,"href":"https:\/\/jornaloalvorada.com.br\/site\/wp-json\/wp\/v2\/comments?post=11024"}],"version-history":[{"count":1,"href":"https:\/\/jornaloalvorada.com.br\/site\/wp-json\/wp\/v2\/posts\/11024\/revisions"}],"predecessor-version":[{"id":11026,"href":"https:\/\/jornaloalvorada.com.br\/site\/wp-json\/wp\/v2\/posts\/11024\/revisions\/11026"}],"wp:featuredmedia":[{"embeddable":true,"href":"https:\/\/jornaloalvorada.com.br\/site\/wp-json\/wp\/v2\/media\/11025"}],"wp:attachment":[{"href":"https:\/\/jornaloalvorada.com.br\/site\/wp-json\/wp\/v2\/media?parent=11024"}],"wp:term":[{"taxonomy":"category","embeddable":true,"href":"https:\/\/jornaloalvorada.com.br\/site\/wp-json\/wp\/v2\/categories?post=11024"},{"taxonomy":"post_tag","embeddable":true,"href":"https:\/\/jornaloalvorada.com.br\/site\/wp-json\/wp\/v2\/tags?post=11024"}],"curies":[{"name":"wp","href":"https:\/\/api.w.org\/{rel}","templated":true}]}}