{"id":11013,"date":"2025-07-02T09:59:37","date_gmt":"2025-07-02T13:59:37","guid":{"rendered":"https:\/\/jornaloalvorada.com.br\/site\/?p=11013"},"modified":"2025-07-02T09:59:39","modified_gmt":"2025-07-02T13:59:39","slug":"quaest-para-49-dos-deputados-stf-sempre-invade-competencias-do-congresso","status":"publish","type":"post","link":"https:\/\/jornaloalvorada.com.br\/site\/2025\/07\/02\/quaest-para-49-dos-deputados-stf-sempre-invade-competencias-do-congresso\/","title":{"rendered":"Quaest: Para 49% dos deputados, STF sempre invade compet\u00eancias do Congresso"},"content":{"rendered":"\n<p>Para<strong> 49%<\/strong> dos <strong>deputados federais<\/strong> entrevistados pela pesquisa <strong>Genial\/Quaest<\/strong>, o <strong>STF (Supremo Tribunal Federal)<\/strong> invade as compet\u00eancias do <strong>Congresso Nacional<\/strong> <strong>&#8220;sempre&#8221;<\/strong>. A informa\u00e7\u00e3o consta no levantamento divulgado nesta quarta-feira (2).<\/p>\n\n\n\n<p>J\u00e1 outros <strong>28%<\/strong> dizem que o Supremo atravessa as atribui\u00e7\u00f5es do Legislativo<strong> &#8220;\u00e0s vezes&#8221;<\/strong>. Os que enxergam a frequ\u00eancia como <strong>&#8220;rara&#8221;<\/strong> somam 12%; os que disseram <strong>&#8220;nunca&#8221;<\/strong> s\u00e3o <strong>5%<\/strong>, e os que n\u00e3o souberam responder, <strong>6%<\/strong>.<\/p>\n\n\n\n<p>O levantamento foi feito com 40% dos parlamentares que comp\u00f5em a C\u00e2mara dos Deputados.<\/p>\n\n\n\n<p>A pesquisa ouviu 203 deputados federais, entre os dias 7 de maio de 30 de junho, on-line e presencialmente. A margem de erro estimada \u00e9 de 4,5 pontos percentuais, para mais ou para menos.<\/p>\n\n\n\n<h2 class=\"wp-block-heading\">Frequ\u00eancia com que o STF invade as compet\u00eancias do Congresso<\/h2>\n\n\n\n<p><em>Na sua opini\u00e3o, com que frequ\u00eancia o STF invade as compet\u00eancias do Congresso Nacional?<\/em><\/p>\n\n\n\n<ul class=\"wp-block-list\">\n<li><strong>Sempre:<\/strong> 49%<\/li>\n\n\n\n<li><strong>\u00c0s vezes:<\/strong> 28%<\/li>\n\n\n\n<li><strong>Raramente:<\/strong> 12%<\/li>\n\n\n\n<li><strong>Nunca:<\/strong> 5%<\/li>\n\n\n\n<li><strong>N\u00e3o sabe\/n\u00e3o respondeu:<\/strong> 6%<\/li>\n<\/ul>\n\n\n\n<p><strong><em>Fonte: CNN Brasil<\/em><\/strong><\/p>\n","protected":false},"excerpt":{"rendered":"<p>Para 49% dos deputados federais entrevistados pela pesquisa Genial\/Quaest, o STF (Supremo Tribunal Federal) invade as compet\u00eancias do Congresso Nacional<\/p>\n","protected":false},"author":1,"featured_media":4243,"comment_status":"open","ping_status":"open","sticky":false,"template":"","format":"standard","meta":{"footnotes":""},"categories":[2],"tags":[],"class_list":["post-11013","post","type-post","status-publish","format-standard","has-post-thumbnail","hentry","category-noticias"],"_links":{"self":[{"href":"https:\/\/jornaloalvorada.com.br\/site\/wp-json\/wp\/v2\/posts\/11013","targetHints":{"allow":["GET"]}}],"collection":[{"href":"https:\/\/jornaloalvorada.com.br\/site\/wp-json\/wp\/v2\/posts"}],"about":[{"href":"https:\/\/jornaloalvorada.com.br\/site\/wp-json\/wp\/v2\/types\/post"}],"author":[{"embeddable":true,"href":"https:\/\/jornaloalvorada.com.br\/site\/wp-json\/wp\/v2\/users\/1"}],"replies":[{"embeddable":true,"href":"https:\/\/jornaloalvorada.com.br\/site\/wp-json\/wp\/v2\/comments?post=11013"}],"version-history":[{"count":1,"href":"https:\/\/jornaloalvorada.com.br\/site\/wp-json\/wp\/v2\/posts\/11013\/revisions"}],"predecessor-version":[{"id":11014,"href":"https:\/\/jornaloalvorada.com.br\/site\/wp-json\/wp\/v2\/posts\/11013\/revisions\/11014"}],"wp:featuredmedia":[{"embeddable":true,"href":"https:\/\/jornaloalvorada.com.br\/site\/wp-json\/wp\/v2\/media\/4243"}],"wp:attachment":[{"href":"https:\/\/jornaloalvorada.com.br\/site\/wp-json\/wp\/v2\/media?parent=11013"}],"wp:term":[{"taxonomy":"category","embeddable":true,"href":"https:\/\/jornaloalvorada.com.br\/site\/wp-json\/wp\/v2\/categories?post=11013"},{"taxonomy":"post_tag","embeddable":true,"href":"https:\/\/jornaloalvorada.com.br\/site\/wp-json\/wp\/v2\/tags?post=11013"}],"curies":[{"name":"wp","href":"https:\/\/api.w.org\/{rel}","templated":true}]}}