{"id":11010,"date":"2025-07-02T09:55:54","date_gmt":"2025-07-02T13:55:54","guid":{"rendered":"https:\/\/jornaloalvorada.com.br\/site\/?p=11010"},"modified":"2025-07-02T09:56:07","modified_gmt":"2025-07-02T13:56:07","slug":"prefeito-jose-paleari-visita-produtor-de-maracuja-e-integrante-da-nossa-agricultura-familiar","status":"publish","type":"post","link":"https:\/\/jornaloalvorada.com.br\/site\/2025\/07\/02\/prefeito-jose-paleari-visita-produtor-de-maracuja-e-integrante-da-nossa-agricultura-familiar\/","title":{"rendered":"Prefeito Jos\u00e9 Paleari visita produtor de maracuj\u00e1 e integrante da nossa agricultura familiar"},"content":{"rendered":"\n<p>Hoje n\u00f3s estamos visitando o Sr. Valdeir, produtor de maracuj\u00e1 e integrante da nossa agricultura familiar.<\/p>\n\n\n\n<p>Sua produ\u00e7\u00e3o \u00e9 um exemplo de dedica\u00e7\u00e3o e do papel fundamental que os pequenos agricultores desempenham no abastecimento de alimentos saud\u00e1veis e de qualidade.<\/p>\n\n\n\n<p>Viva a nossa agricultura familiar.<\/p>\n\n\n\n<iframe loading=\"lazy\" src=\"https:\/\/www.facebook.com\/plugins\/video.php?height=476&#038;href=https%3A%2F%2Fwww.facebook.com%2Fjppaleari%2Fvideos%2F2129924664169873%2F&#038;show_text=false&#038;width=267&#038;t=0\" width=\"267\" height=\"476\" style=\"border:none;overflow:hidden\" scrolling=\"no\" frameborder=\"0\" allowfullscreen=\"true\" allow=\"autoplay; clipboard-write; encrypted-media; picture-in-picture; web-share\" allowFullScreen=\"true\"><\/iframe>\n","protected":false},"excerpt":{"rendered":"<p>Hoje n\u00f3s estamos visitando o Sr. Valdeir, produtor de maracuj\u00e1 e integrante da nossa agricultura familiar. Sua produ\u00e7\u00e3o \u00e9 um<\/p>\n","protected":false},"author":1,"featured_media":11011,"comment_status":"open","ping_status":"open","sticky":false,"template":"","format":"standard","meta":{"footnotes":""},"categories":[2],"tags":[],"class_list":["post-11010","post","type-post","status-publish","format-standard","has-post-thumbnail","hentry","category-noticias"],"_links":{"self":[{"href":"https:\/\/jornaloalvorada.com.br\/site\/wp-json\/wp\/v2\/posts\/11010","targetHints":{"allow":["GET"]}}],"collection":[{"href":"https:\/\/jornaloalvorada.com.br\/site\/wp-json\/wp\/v2\/posts"}],"about":[{"href":"https:\/\/jornaloalvorada.com.br\/site\/wp-json\/wp\/v2\/types\/post"}],"author":[{"embeddable":true,"href":"https:\/\/jornaloalvorada.com.br\/site\/wp-json\/wp\/v2\/users\/1"}],"replies":[{"embeddable":true,"href":"https:\/\/jornaloalvorada.com.br\/site\/wp-json\/wp\/v2\/comments?post=11010"}],"version-history":[{"count":1,"href":"https:\/\/jornaloalvorada.com.br\/site\/wp-json\/wp\/v2\/posts\/11010\/revisions"}],"predecessor-version":[{"id":11012,"href":"https:\/\/jornaloalvorada.com.br\/site\/wp-json\/wp\/v2\/posts\/11010\/revisions\/11012"}],"wp:featuredmedia":[{"embeddable":true,"href":"https:\/\/jornaloalvorada.com.br\/site\/wp-json\/wp\/v2\/media\/11011"}],"wp:attachment":[{"href":"https:\/\/jornaloalvorada.com.br\/site\/wp-json\/wp\/v2\/media?parent=11010"}],"wp:term":[{"taxonomy":"category","embeddable":true,"href":"https:\/\/jornaloalvorada.com.br\/site\/wp-json\/wp\/v2\/categories?post=11010"},{"taxonomy":"post_tag","embeddable":true,"href":"https:\/\/jornaloalvorada.com.br\/site\/wp-json\/wp\/v2\/tags?post=11010"}],"curies":[{"name":"wp","href":"https:\/\/api.w.org\/{rel}","templated":true}]}}