{"id":11007,"date":"2025-07-02T09:50:28","date_gmt":"2025-07-02T13:50:28","guid":{"rendered":"https:\/\/jornaloalvorada.com.br\/site\/?p=11007"},"modified":"2025-07-02T09:50:31","modified_gmt":"2025-07-02T13:50:31","slug":"onda-de-frio-intensa-atinge-o-sul-e-acende-alerta-em-todo-o-pais","status":"publish","type":"post","link":"https:\/\/jornaloalvorada.com.br\/site\/2025\/07\/02\/onda-de-frio-intensa-atinge-o-sul-e-acende-alerta-em-todo-o-pais\/","title":{"rendered":"Onda de frio intensa atinge o Sul e acende alerta em todo o pa\u00eds"},"content":{"rendered":"\n<p>O Instituto Nacional de Meteorologia (<a href=\"https:\/\/portal.inmet.gov.br\/\" target=\"_blank\" rel=\"noreferrer noopener\">INMET<\/a>) divulgou recentemente uma s\u00e9rie de alertas meteorol\u00f3gicos para diferentes regi\u00f5es do Brasil, chamando a aten\u00e7\u00e3o principalmente para a <strong>onda de frio<\/strong> que atinge o Sul do pa\u00eds. Segundo o \u00f3rg\u00e3o, o fen\u00f4meno representa um risco elevado para a popula\u00e7\u00e3o, especialmente nos estados do Rio Grande do Sul, Santa Catarina e Paran\u00e1. A recomenda\u00e7\u00e3o \u00e9 que moradores dessas \u00e1reas fiquem atentos \u00e0s orienta\u00e7\u00f5es das autoridades e adotem medidas de prote\u00e7\u00e3o contra as baixas temperaturas.<\/p>\n\n\n\n<p>Al\u00e9m do Sul, outras regi\u00f5es tamb\u00e9m est\u00e3o sob alerta devido a condi\u00e7\u00f5es clim\u00e1ticas adversas. O Sudeste enfrenta riscos relacionados a chuvas intensas e ventos fortes, enquanto parte do <strong>Centro-Oeste<\/strong> e do <strong>Nordeste <\/strong>est\u00e1 em situa\u00e7\u00e3o de perigo potencial. O INMET refor\u00e7a a import\u00e2ncia de acompanhar as atualiza\u00e7\u00f5es dos boletins meteorol\u00f3gicos, j\u00e1 que mudan\u00e7as r\u00e1pidas no tempo podem impactar a rotina e a seguran\u00e7a das pessoas.<\/p>\n\n\n\n<h2 class=\"wp-block-heading\">O que caracteriza uma onda de frio segundo o INMET?<\/h2>\n\n\n\n<p>Segundo o INMET, uma <strong>onda de frio<\/strong> \u00e9 definida como um per\u00edodo em que as temperaturas ficam significativamente abaixo da m\u00e9dia hist\u00f3rica para a \u00e9poca do ano, persistindo por v\u00e1rios dias consecutivos. Esse fen\u00f4meno pode ser causado pela chegada de massas de ar polar, que avan\u00e7am pelo continente e provocam quedas bruscas nos term\u00f4metros. No Sul do Brasil, a intensidade do frio pode ser suficiente para causar geadas e at\u00e9 neve em pontos isolados, afetando tanto \u00e1reas urbanas quanto rurais.<\/p>\n\n\n\n<p>Os impactos de uma onda de frio v\u00e3o al\u00e9m do desconforto t\u00e9rmico. O frio intenso pode agravar problemas de sa\u00fade, especialmente em crian\u00e7as, idosos e pessoas com doen\u00e7as cr\u00f4nicas. Al\u00e9m disso, setores como agricultura e pecu\u00e1ria tamb\u00e9m sentem os efeitos, com risco de perdas em lavouras e preju\u00edzos para a produ\u00e7\u00e3o animal. Por isso, o INMET utiliza diferentes n\u00edveis de alerta para informar a popula\u00e7\u00e3o sobre o grau de perigo envolvido.<\/p>\n\n\n\n<figure class=\"wp-block-image\"><img decoding=\"async\" src=\"https:\/\/terrabrasilnoticias.com\/wp-content\/uploads\/2025\/07\/image-4.png\" alt=\"\"\/><figcaption class=\"wp-element-caption\">Confira os alertas para cada regi\u00e3o \u2013 Fonte: Inmet<\/figcaption><\/figure>\n\n\n\n<h2 class=\"wp-block-heading\">Quais cidades est\u00e3o sob maior risco com a onda de frio?<\/h2>\n\n\n\n<p>O alerta de <strong>grande perigo<\/strong> emitido pelo INMET abrange diversas cidades da Regi\u00e3o Sul, incluindo capitais e munic\u00edpios do interior. Entre os principais locais citados est\u00e3o Porto Alegre, Caxias do Sul, Pelotas, Florian\u00f3polis, Chapec\u00f3, Lages, Curitiba, Ponta Grossa e Londrina. Nessas \u00e1reas, a previs\u00e3o indica temperaturas pr\u00f3ximas ou abaixo de zero, com possibilidade de forma\u00e7\u00e3o de geada e impactos diretos na sa\u00fade p\u00fablica e nos servi\u00e7os essenciais.<\/p>\n\n\n\n<ul class=\"wp-block-list\">\n<li><strong>Porto Alegre<\/strong>: previs\u00e3o de frio intenso e possibilidade de geada.<\/li>\n\n\n\n<li><strong>Curitiba<\/strong>: queda acentuada de temperatura e ventos gelados.<\/li>\n\n\n\n<li><strong>Florian\u00f3polis<\/strong>: manh\u00e3s geladas e risco de transtornos para a popula\u00e7\u00e3o vulner\u00e1vel.<\/li>\n<\/ul>\n\n\n\n<p>No Sudeste, cidades como S\u00e3o Paulo, Rio de Janeiro, Belo Horizonte e Campinas tamb\u00e9m est\u00e3o em aten\u00e7\u00e3o devido ao risco de chuvas fortes e ventos, que podem causar alagamentos e interrup\u00e7\u00f5es no fornecimento de energia. J\u00e1 no Centro-Oeste e Nordeste, o perigo potencial se refere principalmente \u00e0 possibilidade de mudan\u00e7as r\u00e1pidas no tempo, exigindo monitoramento constante.<\/p>\n\n\n\n<figure class=\"wp-block-image\"><img decoding=\"async\" src=\"https:\/\/terrabrasilnoticias.com\/wp-content\/uploads\/2025\/07\/image-6.png\" alt=\"\"\/><figcaption class=\"wp-element-caption\">Confira a previs\u00e3o do tempo para per\u00edodo da tarde \u2013 Fonte: Inmet<\/figcaption><\/figure>\n\n\n\n<h2 class=\"wp-block-heading\">Como se proteger durante per\u00edodos de frio intenso?<\/h2>\n\n\n\n<p>Em situa\u00e7\u00f5es de <strong>onda de frio<\/strong>, \u00e9 fundamental adotar medidas simples para minimizar os riscos \u00e0 sa\u00fade e ao bem-estar. O INMET orienta que a popula\u00e7\u00e3o mantenha-se aquecida, utilizando roupas adequadas e evitando exposi\u00e7\u00e3o prolongada ao ar livre, especialmente durante as noites e madrugadas. Tamb\u00e9m \u00e9 importante garantir a hidrata\u00e7\u00e3o e refor\u00e7ar a alimenta\u00e7\u00e3o, j\u00e1 que o corpo gasta mais energia para manter a temperatura interna.<\/p>\n\n\n\n<ol class=\"wp-block-list\">\n<li>Evitar deslocamentos desnecess\u00e1rios em hor\u00e1rios de frio extremo.<\/li>\n\n\n\n<li>Proteger crian\u00e7as, idosos e pessoas com doen\u00e7as respirat\u00f3rias.<\/li>\n\n\n\n<li>Verificar o funcionamento de aquecedores e evitar o uso de fontes de calor inadequadas.<\/li>\n\n\n\n<li>Manter-se informado por meio dos canais oficiais do INMET e da Defesa Civil.<\/li>\n<\/ol>\n\n\n\n<p>Para agricultores e criadores de animais, a recomenda\u00e7\u00e3o \u00e9 proteger planta\u00e7\u00f5es e rebanhos, utilizando coberturas e abrigos sempre que poss\u00edvel. O acompanhamento das previs\u00f5es meteorol\u00f3gicas pode ajudar a planejar a\u00e7\u00f5es preventivas e reduzir preju\u00edzos.<\/p>\n\n\n\n<h2 class=\"wp-block-heading\">Por que acompanhar os alertas meteorol\u00f3gicos \u00e9 importante?<\/h2>\n\n\n\n<p>O monitoramento constante das condi\u00e7\u00f5es do tempo permite que a popula\u00e7\u00e3o se antecipe a situa\u00e7\u00f5es de risco, como a <strong>onda de frio<\/strong> e outros eventos extremos. Os alertas do INMET s\u00e3o atualizados conforme a evolu\u00e7\u00e3o dos fen\u00f4menos meteorol\u00f3gicos, oferecendo informa\u00e7\u00f5es detalhadas sobre \u00e1reas afetadas, intensidade e dura\u00e7\u00e3o dos eventos. Assim, \u00e9 poss\u00edvel adotar medidas de precau\u00e7\u00e3o e evitar transtornos maiores.<\/p>\n\n\n\n<p>Em 2025, o avan\u00e7o de tecnologias de monitoramento e comunica\u00e7\u00e3o tem facilitado o acesso r\u00e1pido a dados confi\u00e1veis sobre o clima. Aplicativos, sites oficiais e redes sociais s\u00e3o ferramentas \u00fateis para acompanhar as atualiza\u00e7\u00f5es e receber orienta\u00e7\u00f5es em tempo real. A colabora\u00e7\u00e3o entre \u00f3rg\u00e3os p\u00fablicos e a sociedade \u00e9 essencial para enfrentar os desafios impostos pelas mudan\u00e7as clim\u00e1ticas e garantir a seguran\u00e7a de todos.<\/p>\n","protected":false},"excerpt":{"rendered":"<p>O Instituto Nacional de Meteorologia (INMET) divulgou recentemente uma s\u00e9rie de alertas meteorol\u00f3gicos para diferentes regi\u00f5es do Brasil, chamando a<\/p>\n","protected":false},"author":1,"featured_media":11008,"comment_status":"open","ping_status":"open","sticky":false,"template":"","format":"standard","meta":{"footnotes":""},"categories":[2],"tags":[],"class_list":["post-11007","post","type-post","status-publish","format-standard","has-post-thumbnail","hentry","category-noticias"],"_links":{"self":[{"href":"https:\/\/jornaloalvorada.com.br\/site\/wp-json\/wp\/v2\/posts\/11007","targetHints":{"allow":["GET"]}}],"collection":[{"href":"https:\/\/jornaloalvorada.com.br\/site\/wp-json\/wp\/v2\/posts"}],"about":[{"href":"https:\/\/jornaloalvorada.com.br\/site\/wp-json\/wp\/v2\/types\/post"}],"author":[{"embeddable":true,"href":"https:\/\/jornaloalvorada.com.br\/site\/wp-json\/wp\/v2\/users\/1"}],"replies":[{"embeddable":true,"href":"https:\/\/jornaloalvorada.com.br\/site\/wp-json\/wp\/v2\/comments?post=11007"}],"version-history":[{"count":1,"href":"https:\/\/jornaloalvorada.com.br\/site\/wp-json\/wp\/v2\/posts\/11007\/revisions"}],"predecessor-version":[{"id":11009,"href":"https:\/\/jornaloalvorada.com.br\/site\/wp-json\/wp\/v2\/posts\/11007\/revisions\/11009"}],"wp:featuredmedia":[{"embeddable":true,"href":"https:\/\/jornaloalvorada.com.br\/site\/wp-json\/wp\/v2\/media\/11008"}],"wp:attachment":[{"href":"https:\/\/jornaloalvorada.com.br\/site\/wp-json\/wp\/v2\/media?parent=11007"}],"wp:term":[{"taxonomy":"category","embeddable":true,"href":"https:\/\/jornaloalvorada.com.br\/site\/wp-json\/wp\/v2\/categories?post=11007"},{"taxonomy":"post_tag","embeddable":true,"href":"https:\/\/jornaloalvorada.com.br\/site\/wp-json\/wp\/v2\/tags?post=11007"}],"curies":[{"name":"wp","href":"https:\/\/api.w.org\/{rel}","templated":true}]}}