{"id":11003,"date":"2025-06-30T08:48:51","date_gmt":"2025-06-30T12:48:51","guid":{"rendered":"https:\/\/jornaloalvorada.com.br\/site\/?p=11003"},"modified":"2025-06-30T08:48:53","modified_gmt":"2025-06-30T12:48:53","slug":"mudo-o-destino-do-brasil-se-me-derem-50-da-camara-e-do-senado-em-2026-diz-bolsonaro","status":"publish","type":"post","link":"https:\/\/jornaloalvorada.com.br\/site\/2025\/06\/30\/mudo-o-destino-do-brasil-se-me-derem-50-da-camara-e-do-senado-em-2026-diz-bolsonaro\/","title":{"rendered":"\u2018Mudo o destino do Brasil se me derem 50% da C\u00e2mara e do Senado em 2026\u2019, diz Bolsonaro"},"content":{"rendered":"\n<p>O ex-presidente da Rep\u00fablica, <a href=\"https:\/\/jovempan.com.br\/tag\/jair-bolsonaro\" target=\"_blank\" rel=\"noreferrer noopener\"><strong>Jair Bolsonaro<\/strong><\/a> (PL), disse neste domingo (29), que \u201clogicamente\u201d n\u00e3o quer ser preso nem morto, e pediu apoio para eleger deputados e senadores aliados em 2026. \u201cSe voc\u00eas me derem, por ocasi\u00e3o das elei\u00e7\u00f5es do ano que vem, 50% da C\u00e2mara e 50% do Senado, eu mudo o destino do Brasil\u201d, comentou.\u00a0Com esse apoio, ele disse que ser\u00e1 poss\u00edvel eleger os presidentes das duas Casas, presidir as principais comiss\u00f5es e fazer as indica\u00e7\u00f5es para as ag\u00eancias reguladoras e para o Banco Central (BC).\u00a0\u201cN\u00e3o quero isso para perseguir quem quer que seja. N\u00e3o quero isso para revanchismo. Quero isso pelo futuro do meu Brasil. N\u00e3o tenho obsess\u00e3o pelo poder\u201d, prosseguiu o ex-presidente, ineleg\u00edvel at\u00e9 2030, por decis\u00e3o do Tribunal Superior Eleitoral (TSE).<\/p>\n\n\n\n<p>Na tarde deste domingo, Bolsonaro participou de ato na Avenida Paulista ao lado de parlamentares, ex-ministros de Estado e governadores aliados, sob o mote \u201cJusti\u00e7a J\u00e1\u201d.\u00a0O discurso de Bolsonaro foi precedido por falas de deputados federais e senadores, incluindo seu filho, senador Fl\u00e1vio Bolsonaro (PL-RJ), e do governador de S\u00e3o Paulo, Tarc\u00edsio de Freitas (Republicanos), um dos principais nomes cotados para disputar a Presid\u00eancia da Rep\u00fablica em 2026, quando Bolsonaro estar\u00e1 ineleg\u00edvel.\u00a0O ex-presidente disse no ato na Avenida Paulista, que n\u00e3o precisa ser presidente do Brasil novamente. \u201cDigo mais: nem eu preciso ser presidente; o Valdemar Costa Neto, presidente do PL me mantendo como presidente de honra do Partido Liberal, n\u00f3s faremos isso por voc\u00eas\u201d, afirmou. Bolsonaro disse que, como dirigente do PL, ele tamb\u00e9m muda o destino do Pa\u00eds.<\/p>\n\n\n\n<p><strong><em>Fonte: Jovem Pan<\/em><\/strong><\/p>\n","protected":false},"excerpt":{"rendered":"<p>O ex-presidente da Rep\u00fablica, Jair Bolsonaro (PL), disse neste domingo (29), que \u201clogicamente\u201d n\u00e3o quer ser preso nem morto, e<\/p>\n","protected":false},"author":1,"featured_media":11004,"comment_status":"open","ping_status":"open","sticky":false,"template":"","format":"standard","meta":{"footnotes":""},"categories":[2],"tags":[],"class_list":["post-11003","post","type-post","status-publish","format-standard","has-post-thumbnail","hentry","category-noticias"],"_links":{"self":[{"href":"https:\/\/jornaloalvorada.com.br\/site\/wp-json\/wp\/v2\/posts\/11003","targetHints":{"allow":["GET"]}}],"collection":[{"href":"https:\/\/jornaloalvorada.com.br\/site\/wp-json\/wp\/v2\/posts"}],"about":[{"href":"https:\/\/jornaloalvorada.com.br\/site\/wp-json\/wp\/v2\/types\/post"}],"author":[{"embeddable":true,"href":"https:\/\/jornaloalvorada.com.br\/site\/wp-json\/wp\/v2\/users\/1"}],"replies":[{"embeddable":true,"href":"https:\/\/jornaloalvorada.com.br\/site\/wp-json\/wp\/v2\/comments?post=11003"}],"version-history":[{"count":1,"href":"https:\/\/jornaloalvorada.com.br\/site\/wp-json\/wp\/v2\/posts\/11003\/revisions"}],"predecessor-version":[{"id":11005,"href":"https:\/\/jornaloalvorada.com.br\/site\/wp-json\/wp\/v2\/posts\/11003\/revisions\/11005"}],"wp:featuredmedia":[{"embeddable":true,"href":"https:\/\/jornaloalvorada.com.br\/site\/wp-json\/wp\/v2\/media\/11004"}],"wp:attachment":[{"href":"https:\/\/jornaloalvorada.com.br\/site\/wp-json\/wp\/v2\/media?parent=11003"}],"wp:term":[{"taxonomy":"category","embeddable":true,"href":"https:\/\/jornaloalvorada.com.br\/site\/wp-json\/wp\/v2\/categories?post=11003"},{"taxonomy":"post_tag","embeddable":true,"href":"https:\/\/jornaloalvorada.com.br\/site\/wp-json\/wp\/v2\/tags?post=11003"}],"curies":[{"name":"wp","href":"https:\/\/api.w.org\/{rel}","templated":true}]}}