{"id":10996,"date":"2025-06-30T08:39:44","date_gmt":"2025-06-30T12:39:44","guid":{"rendered":"https:\/\/jornaloalvorada.com.br\/site\/?p=10996"},"modified":"2025-06-30T08:39:46","modified_gmt":"2025-06-30T12:39:46","slug":"inscricoes-para-concorrer-as-bolsas-do-prouni-comecam-nesta-segunda","status":"publish","type":"post","link":"https:\/\/jornaloalvorada.com.br\/site\/2025\/06\/30\/inscricoes-para-concorrer-as-bolsas-do-prouni-comecam-nesta-segunda\/","title":{"rendered":"Inscri\u00e7\u00f5es para concorrer \u00e0s bolsas do Prouni come\u00e7am nesta segunda"},"content":{"rendered":"\n<p>As inscri\u00e7\u00f5es para o processo seletivo do Programa Universidade para Todos (Prouni) come\u00e7am nesta segunda-feira (30) e v\u00e3o at\u00e9 4 de julho. Os candidatos que pretendem concorrer \u00e0s bolsas que ser\u00e3o oferecidas para o segundo semestre deste ano podem se inscrever gratuitamente no <a href=\"https:\/\/acessounico.mec.gov.br\/%C2%A0\" target=\"_blank\" rel=\"noreferrer noopener\">Portal \u00danico de Acesso ao Ensino Superior<\/a>.<img decoding=\"async\" src=\"https:\/\/agenciabrasil.ebc.com.br\/ebc.png?id=1648809&amp;o=node\"><img decoding=\"async\" src=\"https:\/\/agenciabrasil.ebc.com.br\/ebc.gif?id=1648809&amp;o=node\"><\/p>\n\n\n\n<p>Criado em 2004, o Prouni oferta bolsas de estudo integrais e parciais em cursos de gradua\u00e7\u00e3o e sequenciais de forma\u00e7\u00e3o espec\u00edfica, em institui\u00e7\u00f5es ensino particulares do todo o pa\u00eds.&nbsp;<\/p>\n\n\n\n<p>Para estar apto a participar da sele\u00e7\u00e3o, o estudante deve ter o ensino m\u00e9dio completo, ter feito o Exame Nacional do Ensino M\u00e9dio (Enem) de 2024 ou 2023 e obtido, no m\u00ednimo, 450 pontos de m\u00e9dia nas cinco provas do exame, al\u00e9m de n\u00e3o ter tirado zero na prova de reda\u00e7\u00e3o.<\/p>\n\n\n\n<p><strong>Ao optar pela sele\u00e7\u00e3o para bolsas integrais, o estudante deve ter renda familiar bruta mensal por pessoa de at\u00e9 1,5 sal\u00e1rio m\u00ednimo ((R$ 2.277)<\/strong> e, para bolsas parciais, de at\u00e9 3 sal\u00e1rios m\u00ednimos (R$ 4.554).<\/p>\n\n\n\n<p>O resultado da primeira chamada da sele\u00e7\u00e3o ser\u00e1 divulgado em 7 de julho, na p\u00e1gina do Prouni. A segunda chamada est\u00e1 prevista para 28 de julho.<\/p>\n\n\n\n<p>O Minist\u00e9rio da Educa\u00e7\u00e3o (MEC) j\u00e1 divulgou a consulta pr\u00e9via \u00e0s bolsas, que est\u00e3o dispon\u00edveis para mais 370 cursos de 887 institui\u00e7\u00f5es privadas.&nbsp;<\/p>\n\n\n\n<p><strong>Administra\u00e7\u00e3o \u00e9 o curso com maior oferta de bolsas, sendo\u202f9.275 bolsas integrais\u202fe 4.499 parciais.<\/strong> Em seguida, aparecem os cursos de direito, com 13.152 bolsas\u202f(4.277 integrais e 8.875 parciais); pedagogia, com 11.339 bolsas (8.465 integrais e 2.874 parciais); e\u202feduca\u00e7\u00e3o f\u00edsica, com 8.939 (6.063 integrais e 2.876 parciais).<\/p>\n\n\n\n<p><strong><em>Fonte: Ag\u00eancia Brasil<\/em><\/strong><\/p>\n","protected":false},"excerpt":{"rendered":"<p>As inscri\u00e7\u00f5es para o processo seletivo do Programa Universidade para Todos (Prouni) come\u00e7am nesta segunda-feira (30) e v\u00e3o at\u00e9 4<\/p>\n","protected":false},"author":1,"featured_media":10997,"comment_status":"open","ping_status":"open","sticky":false,"template":"","format":"standard","meta":{"footnotes":""},"categories":[2],"tags":[],"class_list":["post-10996","post","type-post","status-publish","format-standard","has-post-thumbnail","hentry","category-noticias"],"_links":{"self":[{"href":"https:\/\/jornaloalvorada.com.br\/site\/wp-json\/wp\/v2\/posts\/10996","targetHints":{"allow":["GET"]}}],"collection":[{"href":"https:\/\/jornaloalvorada.com.br\/site\/wp-json\/wp\/v2\/posts"}],"about":[{"href":"https:\/\/jornaloalvorada.com.br\/site\/wp-json\/wp\/v2\/types\/post"}],"author":[{"embeddable":true,"href":"https:\/\/jornaloalvorada.com.br\/site\/wp-json\/wp\/v2\/users\/1"}],"replies":[{"embeddable":true,"href":"https:\/\/jornaloalvorada.com.br\/site\/wp-json\/wp\/v2\/comments?post=10996"}],"version-history":[{"count":1,"href":"https:\/\/jornaloalvorada.com.br\/site\/wp-json\/wp\/v2\/posts\/10996\/revisions"}],"predecessor-version":[{"id":10998,"href":"https:\/\/jornaloalvorada.com.br\/site\/wp-json\/wp\/v2\/posts\/10996\/revisions\/10998"}],"wp:featuredmedia":[{"embeddable":true,"href":"https:\/\/jornaloalvorada.com.br\/site\/wp-json\/wp\/v2\/media\/10997"}],"wp:attachment":[{"href":"https:\/\/jornaloalvorada.com.br\/site\/wp-json\/wp\/v2\/media?parent=10996"}],"wp:term":[{"taxonomy":"category","embeddable":true,"href":"https:\/\/jornaloalvorada.com.br\/site\/wp-json\/wp\/v2\/categories?post=10996"},{"taxonomy":"post_tag","embeddable":true,"href":"https:\/\/jornaloalvorada.com.br\/site\/wp-json\/wp\/v2\/tags?post=10996"}],"curies":[{"name":"wp","href":"https:\/\/api.w.org\/{rel}","templated":true}]}}