{"id":10993,"date":"2025-06-26T17:29:00","date_gmt":"2025-06-26T21:29:00","guid":{"rendered":"https:\/\/jornaloalvorada.com.br\/site\/?p=10993"},"modified":"2025-06-27T08:31:23","modified_gmt":"2025-06-27T12:31:23","slug":"governo-estuda-novas-receitas-ou-cortes-apos-derrota-do-iof","status":"publish","type":"post","link":"https:\/\/jornaloalvorada.com.br\/site\/2025\/06\/26\/governo-estuda-novas-receitas-ou-cortes-apos-derrota-do-iof\/","title":{"rendered":"Governo estuda novas receitas ou cortes ap\u00f3s derrota do IOF"},"content":{"rendered":"\n<p>O ministro da Fazenda, Fernando Haddad, afirmou ao jornal Folha de S.Paulo, nesta quinta-feira (26), que o governo estuda tributar dividendos ou ampliar cortes em \u00e1reas sociais caso n\u00e3o consiga reverter no STF a decis\u00e3o do Congresso que derrubou os decretos de aumento do IOF.<\/p>\n\n\n\n<p>Segundo ele, entre as possibilidades est\u00e3o buscar novas fontes de receita, como taxar dividendos e petr\u00f3leo, ou ampliar o contingenciamento, o que pode afetar sa\u00fade, educa\u00e7\u00e3o e o Minha Casa, Minha Vida. A decis\u00e3o final caber\u00e1 ao presidente Lula.<\/p>\n","protected":false},"excerpt":{"rendered":"<p>O ministro da Fazenda, Fernando Haddad, afirmou ao jornal Folha de S.Paulo, nesta quinta-feira (26), que o governo estuda tributar<\/p>\n","protected":false},"author":1,"featured_media":393,"comment_status":"open","ping_status":"open","sticky":false,"template":"","format":"standard","meta":{"footnotes":""},"categories":[2],"tags":[],"class_list":["post-10993","post","type-post","status-publish","format-standard","has-post-thumbnail","hentry","category-noticias"],"_links":{"self":[{"href":"https:\/\/jornaloalvorada.com.br\/site\/wp-json\/wp\/v2\/posts\/10993","targetHints":{"allow":["GET"]}}],"collection":[{"href":"https:\/\/jornaloalvorada.com.br\/site\/wp-json\/wp\/v2\/posts"}],"about":[{"href":"https:\/\/jornaloalvorada.com.br\/site\/wp-json\/wp\/v2\/types\/post"}],"author":[{"embeddable":true,"href":"https:\/\/jornaloalvorada.com.br\/site\/wp-json\/wp\/v2\/users\/1"}],"replies":[{"embeddable":true,"href":"https:\/\/jornaloalvorada.com.br\/site\/wp-json\/wp\/v2\/comments?post=10993"}],"version-history":[{"count":1,"href":"https:\/\/jornaloalvorada.com.br\/site\/wp-json\/wp\/v2\/posts\/10993\/revisions"}],"predecessor-version":[{"id":10994,"href":"https:\/\/jornaloalvorada.com.br\/site\/wp-json\/wp\/v2\/posts\/10993\/revisions\/10994"}],"wp:featuredmedia":[{"embeddable":true,"href":"https:\/\/jornaloalvorada.com.br\/site\/wp-json\/wp\/v2\/media\/393"}],"wp:attachment":[{"href":"https:\/\/jornaloalvorada.com.br\/site\/wp-json\/wp\/v2\/media?parent=10993"}],"wp:term":[{"taxonomy":"category","embeddable":true,"href":"https:\/\/jornaloalvorada.com.br\/site\/wp-json\/wp\/v2\/categories?post=10993"},{"taxonomy":"post_tag","embeddable":true,"href":"https:\/\/jornaloalvorada.com.br\/site\/wp-json\/wp\/v2\/tags?post=10993"}],"curies":[{"name":"wp","href":"https:\/\/api.w.org\/{rel}","templated":true}]}}