{"id":10990,"date":"2025-06-27T08:00:00","date_gmt":"2025-06-27T12:00:00","guid":{"rendered":"https:\/\/jornaloalvorada.com.br\/site\/?p=10990"},"modified":"2025-06-27T08:29:03","modified_gmt":"2025-06-27T12:29:03","slug":"camara-aprova-projeto-que-determina-onibus-com-ar-condicionado-no-transporte-coletivo","status":"publish","type":"post","link":"https:\/\/jornaloalvorada.com.br\/site\/2025\/06\/27\/camara-aprova-projeto-que-determina-onibus-com-ar-condicionado-no-transporte-coletivo\/","title":{"rendered":"C\u00e2mara aprova projeto que determina \u00f4nibus com ar-condicionado no transporte coletivo"},"content":{"rendered":"\n<p>Os vereadores da C\u00e2mara de Campo Grande aprovaram, na sess\u00e3o desta quinta-feira, projeto que determina \u00f4nibus com ar-condicionado no transporte coletivo da Capital.<\/p>\n\n\n\n<p>O projeto teve voto contr\u00e1rio dos vereadores Marquinhos Trad (PDT), Ot\u00e1vio Trad (PSD) e Delei Pinheiro (PP), que avaliaram a proposta como inconstitucional. Marquinhos \u00e9 irm\u00e3o e Ot\u00e1vio, sobrinho, de Nelsinho Trad, ent\u00e3o prefeito, respons\u00e1vel por conduzir a concess\u00e3o.<\/p>\n\n\n\n<p>O Projeto de Lei 11.636\/25 determina \u00e0 concession\u00e1ria do transporte p\u00fablico municipal a obrigatoriedade da instala\u00e7\u00e3o de ar-condicionado nos novos \u00f4nibus, garantindo condi\u00e7\u00f5es adequadas de conforto t\u00e9rmico aos passageiros e motoristas.&nbsp;<\/p>\n\n\n\n<p>A lei \u00e9 de autoria do vereador Landmark, assinado ainda pelos vereadores Jean Ferreira, Luiza Ribeiro, Rafael Tavares, Ana Portela, Andr\u00e9 Salineiro, Ronil\u00e7o Guerreiro e Wilson Lands.<\/p>\n\n\n\n<p>O Munic\u00edpio de Campo Grande fica autorizado a intervir nos contratos de concess\u00e3o em andamento, com o objetivo de estabelecer \u00e0 concession\u00e1ria a obrigatoriedade de implementar aparelhos de ar-condicionado nos \u00f4nibus do transporte coletivo.<\/p>\n\n\n\n<p>Na licita\u00e7\u00e3o das novas concess\u00f5es, o Munic\u00edpio dever\u00e1 incluir, como requisito essencial, a exig\u00eancia de instala\u00e7\u00e3o dos equipamentos nos ve\u00edculos.<\/p>\n\n\n\n<p><strong><em>Fonte: Investiga MS<\/em><\/strong><\/p>\n","protected":false},"excerpt":{"rendered":"<p>Os vereadores da C\u00e2mara de Campo Grande aprovaram, na sess\u00e3o desta quinta-feira, projeto que determina \u00f4nibus com ar-condicionado no transporte<\/p>\n","protected":false},"author":1,"featured_media":10991,"comment_status":"open","ping_status":"open","sticky":false,"template":"","format":"standard","meta":{"footnotes":""},"categories":[2],"tags":[],"class_list":["post-10990","post","type-post","status-publish","format-standard","has-post-thumbnail","hentry","category-noticias"],"_links":{"self":[{"href":"https:\/\/jornaloalvorada.com.br\/site\/wp-json\/wp\/v2\/posts\/10990","targetHints":{"allow":["GET"]}}],"collection":[{"href":"https:\/\/jornaloalvorada.com.br\/site\/wp-json\/wp\/v2\/posts"}],"about":[{"href":"https:\/\/jornaloalvorada.com.br\/site\/wp-json\/wp\/v2\/types\/post"}],"author":[{"embeddable":true,"href":"https:\/\/jornaloalvorada.com.br\/site\/wp-json\/wp\/v2\/users\/1"}],"replies":[{"embeddable":true,"href":"https:\/\/jornaloalvorada.com.br\/site\/wp-json\/wp\/v2\/comments?post=10990"}],"version-history":[{"count":1,"href":"https:\/\/jornaloalvorada.com.br\/site\/wp-json\/wp\/v2\/posts\/10990\/revisions"}],"predecessor-version":[{"id":10992,"href":"https:\/\/jornaloalvorada.com.br\/site\/wp-json\/wp\/v2\/posts\/10990\/revisions\/10992"}],"wp:featuredmedia":[{"embeddable":true,"href":"https:\/\/jornaloalvorada.com.br\/site\/wp-json\/wp\/v2\/media\/10991"}],"wp:attachment":[{"href":"https:\/\/jornaloalvorada.com.br\/site\/wp-json\/wp\/v2\/media?parent=10990"}],"wp:term":[{"taxonomy":"category","embeddable":true,"href":"https:\/\/jornaloalvorada.com.br\/site\/wp-json\/wp\/v2\/categories?post=10990"},{"taxonomy":"post_tag","embeddable":true,"href":"https:\/\/jornaloalvorada.com.br\/site\/wp-json\/wp\/v2\/tags?post=10990"}],"curies":[{"name":"wp","href":"https:\/\/api.w.org\/{rel}","templated":true}]}}