{"id":10979,"date":"2025-06-26T09:16:00","date_gmt":"2025-06-26T13:16:00","guid":{"rendered":"https:\/\/jornaloalvorada.com.br\/site\/?p=10979"},"modified":"2025-06-26T09:16:02","modified_gmt":"2025-06-26T13:16:02","slug":"seis-deputados-federais-votam-para-derrubar-aumento-do-iof-so-vander-e-camila-sao-contra","status":"publish","type":"post","link":"https:\/\/jornaloalvorada.com.br\/site\/2025\/06\/26\/seis-deputados-federais-votam-para-derrubar-aumento-do-iof-so-vander-e-camila-sao-contra\/","title":{"rendered":"Seis deputados federais votam para derrubar aumento do IOF; s\u00f3 Vander e Camila s\u00e3o contra"},"content":{"rendered":"\n<p>Dos oito deputados federais de Mato Grosso do Sul, seis votaram a favor do decreto para suspender o aumento do IOF (Imposto sobre Opera\u00e7\u00f5es Financeiras). O Governo Lula (PT) considerava a medida fundamental para garantir os investimentos e evitar cortes dos programas sociais.<\/p>\n\n\n\n<p>Apenas Camila Jara e Vander Loubet, ambos do PT, votaram contra o decreto e pela manuten\u00e7\u00e3o do aumento do tributo.<\/p>\n\n\n\n<p>Votaram pela derrubada do decreto de Lula os deputados federais Beto Pereira, Dagoberto Nogueira e Geraldo Resende, do PSDB, Dr. Luiz Ovando (PP), Marcos Pollon e Rodolfo Nogueira, do PL.<\/p>\n\n\n\n<p>A decis\u00e3o de pautar a derrubada do decreto do IOF foi anunciada nas redes sociais pelo presidente da C\u00e2mara, Hugo Motta (Republicanos-PB).<strong>&nbsp;Segundo ele, a maioria da C\u00e2mara n\u00e3o concorda com eleva\u00e7\u00e3o de al\u00edquotas do IOF&nbsp;<\/strong>como sa\u00edda para cumprir o arcabou\u00e7o fiscal e tem cobrado o corte de despesas prim\u00e1rias.<\/p>\n\n\n\n<p><strong>J\u00e1 o governo alega que a medida \u00e9 necess\u00e1ria para evitar mais cortes em pol\u00edticas sociais e maiores contingenciamentos que podem afetar o funcionamento da m\u00e1quina p\u00fablica.&nbsp;<\/strong>Al\u00e9m disso, segundo o ministro da Fazenda, Fernando Haddad, as regras do decreto corrigiam injusti\u00e7as tribut\u00e1rias de setores que n\u00e3o pagam imposto sobre a renda.<\/p>\n\n\n\n<p>Entre as medidas propostas no decreto, est\u00e3o o aumento na taxa\u00e7\u00e3o das apostas eletr\u00f4nicas, as chamadas bets, de 12% para 18%; das fintechs, de 9% para 15% a al\u00edquota da Contribui\u00e7\u00e3o Social sobre o Lucro L\u00edquido (CSLL), igualando-se aos bancos tradicionais; a taxa\u00e7\u00e3o das Letras de Cr\u00e9dito Imobili\u00e1rio (LCI) e Letras de Cr\u00e9dito do Agroneg\u00f3cio (LCA), t\u00edtulos que atualmente s\u00e3o isentos de Imposto de Renda.&nbsp;&nbsp;<\/p>\n\n\n\n<p>Nogueira comemorou a queda do decreto. \u201cEm um pa\u00eds onde o custo de vida s\u00f3 aumenta, n\u00e3o podemos permitir que o cidad\u00e3o pague ainda mais imposto por conta da irresponsabilidade fiscal de quem governa. Seguimos firmes na defesa do seu dinheiro e contra os abusos do poder\u201d, postou o deputado.<\/p>\n\n\n\n<p><em>Fonte: O Jacar\u00e9<\/em><\/p>\n","protected":false},"excerpt":{"rendered":"<p>Dos oito deputados federais de Mato Grosso do Sul, seis votaram a favor do decreto para suspender o aumento do<\/p>\n","protected":false},"author":1,"featured_media":10980,"comment_status":"open","ping_status":"open","sticky":false,"template":"","format":"standard","meta":{"footnotes":""},"categories":[2],"tags":[],"class_list":["post-10979","post","type-post","status-publish","format-standard","has-post-thumbnail","hentry","category-noticias"],"_links":{"self":[{"href":"https:\/\/jornaloalvorada.com.br\/site\/wp-json\/wp\/v2\/posts\/10979","targetHints":{"allow":["GET"]}}],"collection":[{"href":"https:\/\/jornaloalvorada.com.br\/site\/wp-json\/wp\/v2\/posts"}],"about":[{"href":"https:\/\/jornaloalvorada.com.br\/site\/wp-json\/wp\/v2\/types\/post"}],"author":[{"embeddable":true,"href":"https:\/\/jornaloalvorada.com.br\/site\/wp-json\/wp\/v2\/users\/1"}],"replies":[{"embeddable":true,"href":"https:\/\/jornaloalvorada.com.br\/site\/wp-json\/wp\/v2\/comments?post=10979"}],"version-history":[{"count":1,"href":"https:\/\/jornaloalvorada.com.br\/site\/wp-json\/wp\/v2\/posts\/10979\/revisions"}],"predecessor-version":[{"id":10981,"href":"https:\/\/jornaloalvorada.com.br\/site\/wp-json\/wp\/v2\/posts\/10979\/revisions\/10981"}],"wp:featuredmedia":[{"embeddable":true,"href":"https:\/\/jornaloalvorada.com.br\/site\/wp-json\/wp\/v2\/media\/10980"}],"wp:attachment":[{"href":"https:\/\/jornaloalvorada.com.br\/site\/wp-json\/wp\/v2\/media?parent=10979"}],"wp:term":[{"taxonomy":"category","embeddable":true,"href":"https:\/\/jornaloalvorada.com.br\/site\/wp-json\/wp\/v2\/categories?post=10979"},{"taxonomy":"post_tag","embeddable":true,"href":"https:\/\/jornaloalvorada.com.br\/site\/wp-json\/wp\/v2\/tags?post=10979"}],"curies":[{"name":"wp","href":"https:\/\/api.w.org\/{rel}","templated":true}]}}