{"id":10976,"date":"2025-06-26T09:13:30","date_gmt":"2025-06-26T13:13:30","guid":{"rendered":"https:\/\/jornaloalvorada.com.br\/site\/?p=10976"},"modified":"2025-06-26T09:13:32","modified_gmt":"2025-06-26T13:13:32","slug":"novo-salario-minimo-impacta-aposentadorias-e-beneficios-do-inss","status":"publish","type":"post","link":"https:\/\/jornaloalvorada.com.br\/site\/2025\/06\/26\/novo-salario-minimo-impacta-aposentadorias-e-beneficios-do-inss\/","title":{"rendered":"Novo sal\u00e1rio m\u00ednimo impacta aposentadorias e benef\u00edcios do INSS"},"content":{"rendered":"\n<p>O <strong><a href=\"https:\/\/terrabrasilnoticias.com\/2025\/06\/trabalhadores-comemoram-novo-salario-minimo-de-r-1-78904\/\" target=\"_blank\" rel=\"noreferrer noopener\">sal\u00e1rio m\u00ednimo<\/a> <\/strong>desempenha um papel central na economia brasileira, servindo como refer\u00eancia para remunera\u00e7\u00e3o de trabalhadores, aposentadorias e benef\u00edcios sociais. Em 2025, o valor foi reajustado para <strong>R$ 1.518<\/strong>, refletindo uma eleva\u00e7\u00e3o de R$ 106 em rela\u00e7\u00e3o ao ano anterior. Esse ajuste, al\u00e9m de superar a infla\u00e7\u00e3o acumulada, seguiu regras espec\u00edficas para evitar desequil\u00edbrios nas contas p\u00fablicas.<\/p>\n\n\n\n<p>O novo valor do sal\u00e1rio m\u00ednimo impacta diretamente a vida de milh\u00f5es de brasileiros, principalmente aqueles que dependem de benef\u00edcios previdenci\u00e1rios e assistenciais. O reajuste tamb\u00e9m influencia programas sociais, garantindo que o piso nacional acompanhe, ainda que parcialmente, o desempenho da economia e a varia\u00e7\u00e3o dos pre\u00e7os.<\/p>\n\n\n\n<h2 class=\"wp-block-heading\">Como \u00e9 definido o reajuste do sal\u00e1rio m\u00ednimo?<\/h2>\n\n\n\n<p>A atualiza\u00e7\u00e3o do sal\u00e1rio m\u00ednimo no Brasil segue crit\u00e9rios estabelecidos por lei, considerando a infla\u00e7\u00e3o medida pelo \u00cdndice Nacional de Pre\u00e7os ao Consumidor (<a href=\"https:\/\/www.ibge.gov.br\/estatisticas\/economicas\/precos-e-custos\/9258-indice-nacional-de-precos-ao-consumidor.html\" target=\"_blank\" rel=\"noreferrer noopener\">INPC<\/a>) e o crescimento do Produto Interno Bruto (<strong>PIB<\/strong>). No entanto, a partir de 2025, entrou em vigor uma nova regra que limita o aumento das despesas p\u00fablicas a 2,5% ao ano. Essa medida foi adotada para manter o controle fiscal e evitar que os gastos do governo cres\u00e7am desproporcionalmente.<\/p>\n\n\n\n<p>Mesmo com o PIB registrando crescimento de 3,2% no ano anterior, o reajuste do sal\u00e1rio m\u00ednimo ficou em 7,5%, pois foi necess\u00e1rio respeitar o teto de despesas. Caso n\u00e3o houvesse essa limita\u00e7\u00e3o, o valor poderia ter sido ainda maior. A inten\u00e7\u00e3o \u00e9 garantir que o aumento do piso salarial n\u00e3o comprometa a sustentabilidade das contas p\u00fablicas, especialmente em rela\u00e7\u00e3o aos benef\u00edcios pagos pelo INSS.<\/p>\n\n\n\n<h2 class=\"wp-block-heading\">Quais benef\u00edcios s\u00e3o afetados pelo novo sal\u00e1rio m\u00ednimo?<\/h2>\n\n\n\n<figure class=\"wp-block-image\"><img decoding=\"async\" src=\"https:\/\/terrabrasilnoticias.com\/wp-content\/uploads\/2024\/11\/carteira-de-trabalho_1732619173567-1024x576.jpg\" alt=\"Carteira de Trabalho - Cr\u00e9ditos: depositphotos.com \/ rafapress\"\/><figcaption class=\"wp-element-caption\">Carteira de Trabalho \u2013 Cr\u00e9ditos: depositphotos.com \/ rafapress<\/figcaption><\/figure>\n\n\n\n<p>O reajuste do sal\u00e1rio m\u00ednimo para R$ 1.518 em 2025 trouxe mudan\u00e7as importantes para diversos segmentos da popula\u00e7\u00e3o. Entre os principais impactos, destacam-se:<\/p>\n\n\n\n<ul class=\"wp-block-list\">\n<li><strong>Trabalhadores formais:<\/strong> Todos os empregados com carteira assinada que recebem o piso nacional tiveram seus sal\u00e1rios atualizados automaticamente.<\/li>\n\n\n\n<li><strong>Aposentados e pensionistas:<\/strong> Benefici\u00e1rios do INSS que recebem o valor m\u00ednimo passaram a receber o novo piso. J\u00e1 aqueles com rendimentos acima desse valor tiveram reajuste conforme a infla\u00e7\u00e3o.<\/li>\n\n\n\n<li><strong>Benef\u00edcio de Presta\u00e7\u00e3o Continuada (BPC):<\/strong> O valor do BPC, destinado a idosos e pessoas com defici\u00eancia de baixa renda, tamb\u00e9m foi ajustado para acompanhar o novo sal\u00e1rio m\u00ednimo.<\/li>\n\n\n\n<li><strong>Programas sociais:<\/strong> Diversos programas federais utilizam o sal\u00e1rio m\u00ednimo como refer\u00eancia para definir crit\u00e9rios de elegibilidade e valores pagos aos benefici\u00e1rios.<\/li>\n<\/ul>\n\n\n\n<h2 class=\"wp-block-heading\">Por que o reajuste n\u00e3o acompanhou totalmente o crescimento do PIB?<\/h2>\n\n\n\n<p>Apesar do desempenho positivo da economia, o aumento do sal\u00e1rio m\u00ednimo em 2025 n\u00e3o refletiu integralmente o crescimento do PIB devido \u00e0 imposi\u00e7\u00e3o do teto de 2,5% para o crescimento das despesas p\u00fablicas. Essa limita\u00e7\u00e3o foi implementada para evitar press\u00f5es sobre o or\u00e7amento federal, j\u00e1 que o reajuste do piso salarial impacta diretamente os gastos com benef\u00edcios previdenci\u00e1rios e assistenciais.<\/p>\n\n\n\n<p>Se o reajuste considerasse todo o crescimento do PIB, o valor do sal\u00e1rio m\u00ednimo poderia ter chegado a R$ 1.525. No entanto, a pol\u00edtica de conten\u00e7\u00e3o or\u00e7ament\u00e1ria visa garantir que o governo mantenha o equil\u00edbrio fiscal, prevenindo aumentos excessivos nos gastos obrigat\u00f3rios e assegurando a sustentabilidade das contas p\u00fablicas a longo prazo.<\/p>\n\n\n\n<h2 class=\"wp-block-heading\">O que esperar dos pr\u00f3ximos reajustes do sal\u00e1rio?<\/h2>\n\n\n\n<p>A tend\u00eancia para os pr\u00f3ximos anos \u00e9 que o reajuste do sal\u00e1rio m\u00ednimo continue sendo influenciado pela infla\u00e7\u00e3o e pelo desempenho econ\u00f4mico, mas sempre respeitando o limite imposto ao crescimento das despesas p\u00fablicas. Esse modelo busca equilibrar a valoriza\u00e7\u00e3o do piso nacional com a necessidade de manter as finan\u00e7as do pa\u00eds sob controle.<\/p>\n\n\n\n<p>Para trabalhadores, aposentados e benefici\u00e1rios de programas sociais, acompanhar as mudan\u00e7as no sal\u00e1rio m\u00ednimo \u00e9 fundamental, j\u00e1 que o valor impacta diretamente o or\u00e7amento familiar. O acompanhamento dessas atualiza\u00e7\u00f5es permite melhor planejamento financeiro e compreens\u00e3o dos direitos garantidos por lei.<\/p>\n\n\n\n<p><em>Fonte: Terra Brasil Not\u00edcias<\/em><\/p>\n","protected":false},"excerpt":{"rendered":"<p>O sal\u00e1rio m\u00ednimo desempenha um papel central na economia brasileira, servindo como refer\u00eancia para remunera\u00e7\u00e3o de trabalhadores, aposentadorias e benef\u00edcios<\/p>\n","protected":false},"author":1,"featured_media":10977,"comment_status":"open","ping_status":"open","sticky":false,"template":"","format":"standard","meta":{"footnotes":""},"categories":[2],"tags":[],"class_list":["post-10976","post","type-post","status-publish","format-standard","has-post-thumbnail","hentry","category-noticias"],"_links":{"self":[{"href":"https:\/\/jornaloalvorada.com.br\/site\/wp-json\/wp\/v2\/posts\/10976","targetHints":{"allow":["GET"]}}],"collection":[{"href":"https:\/\/jornaloalvorada.com.br\/site\/wp-json\/wp\/v2\/posts"}],"about":[{"href":"https:\/\/jornaloalvorada.com.br\/site\/wp-json\/wp\/v2\/types\/post"}],"author":[{"embeddable":true,"href":"https:\/\/jornaloalvorada.com.br\/site\/wp-json\/wp\/v2\/users\/1"}],"replies":[{"embeddable":true,"href":"https:\/\/jornaloalvorada.com.br\/site\/wp-json\/wp\/v2\/comments?post=10976"}],"version-history":[{"count":1,"href":"https:\/\/jornaloalvorada.com.br\/site\/wp-json\/wp\/v2\/posts\/10976\/revisions"}],"predecessor-version":[{"id":10978,"href":"https:\/\/jornaloalvorada.com.br\/site\/wp-json\/wp\/v2\/posts\/10976\/revisions\/10978"}],"wp:featuredmedia":[{"embeddable":true,"href":"https:\/\/jornaloalvorada.com.br\/site\/wp-json\/wp\/v2\/media\/10977"}],"wp:attachment":[{"href":"https:\/\/jornaloalvorada.com.br\/site\/wp-json\/wp\/v2\/media?parent=10976"}],"wp:term":[{"taxonomy":"category","embeddable":true,"href":"https:\/\/jornaloalvorada.com.br\/site\/wp-json\/wp\/v2\/categories?post=10976"},{"taxonomy":"post_tag","embeddable":true,"href":"https:\/\/jornaloalvorada.com.br\/site\/wp-json\/wp\/v2\/tags?post=10976"}],"curies":[{"name":"wp","href":"https:\/\/api.w.org\/{rel}","templated":true}]}}