{"id":10973,"date":"2025-06-26T09:11:46","date_gmt":"2025-06-26T13:11:46","guid":{"rendered":"https:\/\/jornaloalvorada.com.br\/site\/?p=10973"},"modified":"2025-06-26T09:11:48","modified_gmt":"2025-06-26T13:11:48","slug":"governo-sofre-reves-e-camara-derruba-aumento-do-iof","status":"publish","type":"post","link":"https:\/\/jornaloalvorada.com.br\/site\/2025\/06\/26\/governo-sofre-reves-e-camara-derruba-aumento-do-iof\/","title":{"rendered":"Governo sofre rev\u00e9s e C\u00e2mara derruba aumento do IOF"},"content":{"rendered":"\n<p>O <strong>Imposto sobre Opera\u00e7\u00f5es Financeiras (IOF)<\/strong> voltou ao centro das discuss\u00f5es pol\u00edticas no <strong>Brasil <\/strong>ap\u00f3s a <strong>C\u00e2mara dos Deputados<\/strong> aprovar, nessa quarta-feira (25\/6), um projeto que revoga o decreto do <strong>Executivo <\/strong>respons\u00e1vel pelo aumento das al\u00edquotas desse tributo. O tema mobilizou parlamentares, <strong><a href=\"https:\/\/terrabrasilnoticias.com\/2025\/06\/governo-libera-r-2-424-para-trabalhadores-que-foram-clt\/\" target=\"_blank\" rel=\"noreferrer noopener\">governo <\/a><\/strong>e oposi\u00e7\u00e3o, gerando debates sobre arrecada\u00e7\u00e3o, equil\u00edbrio fiscal e o impacto direto nas transa\u00e7\u00f5es financeiras do pa\u00eds.<\/p>\n\n\n\n<p>A decis\u00e3o da <strong><a href=\"https:\/\/www.camara.leg.br\/noticias\/1172759-camara-aprova-projeto-que-suspende-aumento-do-iof-acompanhe\" target=\"_blank\" rel=\"noreferrer noopener\">C\u00e2mara<\/a><\/strong> ocorreu em uma sess\u00e3o semipresencial, marcada por esvaziamento devido \u00e0s festividades de S\u00e3o Jo\u00e3o, mas com vota\u00e7\u00e3o expressiva: 383 deputados apoiaram a derrubada do decreto, enquanto 98 foram contr\u00e1rios. O projeto segue agora para an\u00e1lise do Senado Federal, onde h\u00e1 expectativa de tramita\u00e7\u00e3o r\u00e1pida. A medida aprovada susta todos os decretos editados desde maio de 2025 que aumentaram as al\u00edquotas do IOF, restaurando as regras anteriores.<\/p>\n\n\n\n<h2 class=\"wp-block-heading\">O que \u00e9 o IOF e por que ele foi reajustado?<\/h2>\n\n\n\n<p>O IOF \u00e9 um tributo federal aplicado sobre opera\u00e7\u00f5es financeiras como empr\u00e9stimos, c\u00e2mbio, seguros e investimentos. Sua fun\u00e7\u00e3o principal \u00e9 regular a economia, podendo ser ajustado para controlar o fluxo de capital e influenciar o comportamento do mercado. Em 2025, o governo federal decidiu elevar as al\u00edquotas do IOF, justificando a medida como necess\u00e1ria para garantir o equil\u00edbrio fiscal e evitar cortes em programas sociais.<\/p>\n\n\n\n<p>Anuncios<\/p>\n\n\n\n<p>O aumento do IOF foi formalizado por meio de tr\u00eas decretos publicados entre maio e junho, com expectativa de arrecadar at\u00e9 R$ 10 bilh\u00f5es no ano. O Executivo argumentou que a medida era fundamental para manter as contas p\u00fablicas em ordem, especialmente diante de desafios econ\u00f4micos e da necessidade de financiar pol\u00edticas sociais.<\/p>\n\n\n\n<figure class=\"wp-block-image\"><img decoding=\"async\" src=\"https:\/\/terrabrasilnoticias.com\/wp-content\/uploads\/2024\/12\/01-107-1024x674.jpg\" alt=\"Governo sofre rev\u00e9s e C\u00e2mara derruba aumento do IOF\"\/><figcaption class=\"wp-element-caption\">Lula \u2013 Foto: Marcelo Camargo\/Ag\u00eancia Brasil<\/figcaption><\/figure>\n\n\n\n<h2 class=\"wp-block-heading\">Por que a C\u00e2mara dos Deputados derrubou o aumento do IOF?<\/h2>\n\n\n\n<p>A aprova\u00e7\u00e3o do projeto que revoga o aumento do IOF foi resultado de articula\u00e7\u00e3o de diversos partidos, incluindo legendas que comp\u00f5em a base do governo. O principal argumento dos defensores da proposta \u00e9 que o IOF n\u00e3o deve ser utilizado como instrumento de arrecada\u00e7\u00e3o, mas sim como ferramenta de regula\u00e7\u00e3o econ\u00f4mica. Parlamentares tamb\u00e9m destacaram a insatisfa\u00e7\u00e3o do mercado financeiro e de setores produtivos com o reajuste, alegando que o aumento do imposto poderia prejudicar investimentos e encarecer o cr\u00e9dito.<\/p>\n\n\n\n<p>Durante a vota\u00e7\u00e3o, partidos como PP, Republicanos, Uni\u00e3o Brasil, PSD e MDB orientaram favoravelmente \u00e0 derrubada do decreto, mesmo tendo representantes no comando de minist\u00e9rios. J\u00e1 as bancadas do PT, PC do B, PV e PSOL-Rede manifestaram apoio \u00e0 manuten\u00e7\u00e3o do aumento, alinhando-se ao governo federal. A oposi\u00e7\u00e3o, por sua vez, defendeu a redu\u00e7\u00e3o da carga tribut\u00e1ria e sugeriu alternativas como o corte de despesas p\u00fablicas.<\/p>\n\n\n\n<h4 class=\"wp-block-heading\"><strong>1. Insatisfa\u00e7\u00e3o com o aumento da carga tribut\u00e1ria<\/strong><\/h4>\n\n\n\n<ul class=\"wp-block-list\">\n<li><strong>Discurso de \u201cn\u00e3o aguentar mais imposto\u201d:<\/strong> Muitos parlamentares, inclusive de partidos que t\u00eam minist\u00e9rios no governo, argumentam que a sociedade brasileira j\u00e1 est\u00e1 sobrecarregada com impostos e que n\u00e3o h\u00e1 espa\u00e7o para novas eleva\u00e7\u00f5es da carga tribut\u00e1ria. A derrubada do IOF \u00e9 vista como um al\u00edvio no bolso do contribuinte.<\/li>\n\n\n\n<li><strong>Cr\u00edticas ao uso do IOF para arrecada\u00e7\u00e3o:<\/strong> O IOF \u00e9, por natureza, um imposto regulat\u00f3rio, ou seja, serve para regular a economia, e n\u00e3o para ser uma fonte prim\u00e1ria de arrecada\u00e7\u00e3o. A C\u00e2mara considerou que o governo estava desvirtuando a fun\u00e7\u00e3o do imposto ao us\u00e1-lo para compensar perdas de receita e cumprir a meta fiscal.<\/li>\n<\/ul>\n\n\n\n<h4 class=\"wp-block-heading\"><strong>2. Quest\u00f5es de constitucionalidade e legalidade<\/strong><\/h4>\n\n\n\n<ul class=\"wp-block-list\">\n<li><strong>Alega\u00e7\u00e3o de inconstitucionalidade:<\/strong> O relator do projeto na C\u00e2mara, Coronel Chris\u00f3stomo (PL-RO), argumentou que a cobran\u00e7a do IOF foi usada de forma inconstitucional, transformando um tributo extrafiscal em instrumento de arrecada\u00e7\u00e3o.<\/li>\n<\/ul>\n\n\n\n<h4 class=\"wp-block-heading\"><strong>3. Press\u00e3o de setores afetados e da oposi\u00e7\u00e3o<\/strong><\/h4>\n\n\n\n<ul class=\"wp-block-list\">\n<li><strong>Rea\u00e7\u00e3o dos setores atingidos:<\/strong> O aumento do IOF afetava diversas opera\u00e7\u00f5es financeiras, incluindo cart\u00f5es de cr\u00e9dito e d\u00e9bito no exterior, opera\u00e7\u00f5es de cr\u00e9dito para empresas e a taxa\u00e7\u00e3o de apostas eletr\u00f4nicas (bets) e fintechs. Esses setores pressionaram contra a medida.<\/li>\n\n\n\n<li><strong>Oposi\u00e7\u00e3o unida:<\/strong> A oposi\u00e7\u00e3o ao governo se uniu em peso para derrubar o decreto, vendo a vota\u00e7\u00e3o como uma forma de marcar posi\u00e7\u00e3o contra a pol\u00edtica econ\u00f4mica do governo.<\/li>\n<\/ul>\n\n\n\n<h4 class=\"wp-block-heading\"><strong>4. Falta de di\u00e1logo e surpresa na pauta<\/strong><\/h4>\n\n\n\n<ul class=\"wp-block-list\">\n<li><strong>Antecipa\u00e7\u00e3o da vota\u00e7\u00e3o:<\/strong> A decis\u00e3o do presidente da C\u00e2mara, Hugo Motta (Republicanos-PB), de pautar a vota\u00e7\u00e3o do projeto de derrubada do IOF de forma antecipada e em sess\u00e3o semipresencial pegou a base governista de surpresa e gerou cr\u00edticas sobre a falta de di\u00e1logo.<\/li>\n<\/ul>\n\n\n\n<h2 class=\"wp-block-heading\">Qual o futuro ap\u00f3s a decis\u00e3o da C\u00e2mara?<\/h2>\n\n\n\n<p>Com a aprova\u00e7\u00e3o do projeto na C\u00e2mara, o texto segue para o Senado, onde precisa ser analisado e votado. Caso os senadores confirmem a decis\u00e3o dos deputados, as al\u00edquotas do IOF voltam aos patamares anteriores aos decretos de 2025. O relator do projeto, deputado Coronel Chris\u00f3stomo, incluiu no texto a previs\u00e3o expressa de restabelecimento da reda\u00e7\u00e3o do Decreto n\u00ba 6.306, de 2007, garantindo seguran\u00e7a jur\u00eddica para a administra\u00e7\u00e3o fazend\u00e1ria e para os contribuintes.<\/p>\n\n\n\n<ul class=\"wp-block-list\">\n<li><strong>Se o Senado aprovar sem altera\u00e7\u00f5es:<\/strong>\u00a0As regras antigas do IOF voltam a valer imediatamente.<\/li>\n\n\n\n<li><strong>Se houver mudan\u00e7as no texto:<\/strong>\u00a0O projeto retorna \u00e0 C\u00e2mara para nova an\u00e1lise.<\/li>\n\n\n\n<li><strong>Se o projeto for rejeitado:<\/strong>\u00a0Permanecem em vigor os decretos que aumentaram o IOF.<\/li>\n<\/ul>\n\n\n\n<h4 class=\"wp-block-heading\"><strong>Como o aumento do IOF impacta o dia a dia dos brasileiros?<\/strong><\/h4>\n\n\n\n<p>O reajuste do IOF afeta diretamente opera\u00e7\u00f5es como empr\u00e9stimos, financiamentos, compras internacionais e investimentos. O aumento das al\u00edquotas pode encarecer o cr\u00e9dito para pessoas f\u00edsicas e jur\u00eddicas, dificultando o acesso a recursos e elevando custos em transa\u00e7\u00f5es financeiras. Para o mercado, a eleva\u00e7\u00e3o do imposto pode gerar incertezas e desestimular investimentos, especialmente em um cen\u00e1rio de recupera\u00e7\u00e3o econ\u00f4mica.<\/p>\n\n\n\n<ol class=\"wp-block-list\">\n<li>Empr\u00e9stimos pessoais e consignados ficam mais caros devido \u00e0 incid\u00eancia maior do IOF.<\/li>\n\n\n\n<li>Compras no exterior e opera\u00e7\u00f5es de c\u00e2mbio tamb\u00e9m sofrem impacto, elevando o custo final para o consumidor.<\/li>\n\n\n\n<li>Empresas que dependem de cr\u00e9dito para capital de giro podem enfrentar dificuldades adicionais.<\/li>\n<\/ol>\n\n\n\n<p>O debate sobre o IOF reflete a busca por equil\u00edbrio entre a necessidade de arrecada\u00e7\u00e3o do governo e o est\u00edmulo ao desenvolvimento econ\u00f4mico. O desfecho da tramita\u00e7\u00e3o no Senado ser\u00e1 determinante para definir as regras que v\u00e3o vigorar sobre o imposto nos pr\u00f3ximos meses, com efeitos diretos para cidad\u00e3os, empresas e para a pol\u00edtica fiscal do pa\u00eds.<\/p>\n\n\n\n<p><em>Fonte: Terra Brasil Not\u00edcias<\/em><\/p>\n","protected":false},"excerpt":{"rendered":"<p>O Imposto sobre Opera\u00e7\u00f5es Financeiras (IOF) voltou ao centro das discuss\u00f5es pol\u00edticas no Brasil ap\u00f3s a C\u00e2mara dos Deputados aprovar,<\/p>\n","protected":false},"author":1,"featured_media":10974,"comment_status":"open","ping_status":"open","sticky":false,"template":"","format":"standard","meta":{"footnotes":""},"categories":[2],"tags":[],"class_list":["post-10973","post","type-post","status-publish","format-standard","has-post-thumbnail","hentry","category-noticias"],"_links":{"self":[{"href":"https:\/\/jornaloalvorada.com.br\/site\/wp-json\/wp\/v2\/posts\/10973","targetHints":{"allow":["GET"]}}],"collection":[{"href":"https:\/\/jornaloalvorada.com.br\/site\/wp-json\/wp\/v2\/posts"}],"about":[{"href":"https:\/\/jornaloalvorada.com.br\/site\/wp-json\/wp\/v2\/types\/post"}],"author":[{"embeddable":true,"href":"https:\/\/jornaloalvorada.com.br\/site\/wp-json\/wp\/v2\/users\/1"}],"replies":[{"embeddable":true,"href":"https:\/\/jornaloalvorada.com.br\/site\/wp-json\/wp\/v2\/comments?post=10973"}],"version-history":[{"count":1,"href":"https:\/\/jornaloalvorada.com.br\/site\/wp-json\/wp\/v2\/posts\/10973\/revisions"}],"predecessor-version":[{"id":10975,"href":"https:\/\/jornaloalvorada.com.br\/site\/wp-json\/wp\/v2\/posts\/10973\/revisions\/10975"}],"wp:featuredmedia":[{"embeddable":true,"href":"https:\/\/jornaloalvorada.com.br\/site\/wp-json\/wp\/v2\/media\/10974"}],"wp:attachment":[{"href":"https:\/\/jornaloalvorada.com.br\/site\/wp-json\/wp\/v2\/media?parent=10973"}],"wp:term":[{"taxonomy":"category","embeddable":true,"href":"https:\/\/jornaloalvorada.com.br\/site\/wp-json\/wp\/v2\/categories?post=10973"},{"taxonomy":"post_tag","embeddable":true,"href":"https:\/\/jornaloalvorada.com.br\/site\/wp-json\/wp\/v2\/tags?post=10973"}],"curies":[{"name":"wp","href":"https:\/\/api.w.org\/{rel}","templated":true}]}}